{"id":2005,"date":"2023-06-12T16:20:50","date_gmt":"2023-06-12T14:20:50","guid":{"rendered":"https:\/\/agora.xtec.cat\/ceiplesfonts\/?p=2005"},"modified":"2023-06-12T16:20:50","modified_gmt":"2023-06-12T14:20:50","slug":"colonies-6e-delta-de-lebre","status":"publish","type":"post","link":"https:\/\/agora.xtec.cat\/ceiplesfonts\/promocions\/promo-23\/colonies-6e-delta-de-lebre\/","title":{"rendered":"Col\u00f2nies 6\u00e8 &#8211; Delta de l&#8217;Ebre"},"content":{"rendered":"<p>Els dies 17, 18 i 19 de maig l&#8217;alumnat de 6\u00e8 ens hem despla\u00e7at al Delta de l&#8217;Ebre per acomiadar el curs amb unes col\u00f2nies que per tots\/es han estat inoblidables. Hem gaudit de l&#8217;entorn de la zona i de les activitats esportives compartides entre tots plegats. Us animem a veure el v\u00eddeo de les col\u00f2nies.<\/p>\n<p><iframe loading=\"lazy\" title=\"YouTube video player\" src=\"https:\/\/www.youtube.com\/embed\/qpw2DfJr8b4\" width=\"560\" height=\"315\" frameborder=\"0\"><\/iframe><\/p>\n","protected":false},"excerpt":{"rendered":"<p>Els dies 17, 18 i 19 de maig l&#8217;alumnat de 6\u00e8 ens hem despla\u00e7at al Delta de l&#8217;Ebre per acomiadar el curs amb unes col\u00f2nies que per tots\/es han estat inoblidables. Hem gaudit de l&#8217;entorn de la zona i de les activitats esportives compartides entre&hellip;  <a href=\"https:\/\/agora.xtec.cat\/ceiplesfonts\/promocions\/promo-23\/colonies-6e-delta-de-lebre\/\" title=\"Read Col\u00f2nies 6\u00e8 &#8211; Delta de l&#8217;Ebre\">Llegeix m\u00e9s\u00bb<\/a><\/p>\n","protected":false},"author":6,"featured_media":2008,"comment_status":"closed","ping_status":"closed","sticky":false,"template":"","format":"standard","meta":{"_bbp_topic_count":0,"_bbp_reply_count":0,"_bbp_total_topic_count":0,"_bbp_total_reply_count":0,"_bbp_voice_count":0,"_bbp_anonymous_reply_count":0,"_bbp_topic_count_hidden":0,"_bbp_reply_count_hidden":0,"_bbp_forum_subforum_count":0,"footnotes":""},"categories":[14],"tags":[86,87],"class_list":["post-2005","post","type-post","status-publish","format-standard","has-post-thumbnail","hentry","category-promo-23","tag-6e","tag-curs-2022-2023"],"post_mailing_queue_ids":[],"_links":{"self":[{"href":"https:\/\/agora.xtec.cat\/ceiplesfonts\/wp-json\/wp\/v2\/posts\/2005","targetHints":{"allow":["GET"]}}],"collection":[{"href":"https:\/\/agora.xtec.cat\/ceiplesfonts\/wp-json\/wp\/v2\/posts"}],"about":[{"href":"https:\/\/agora.xtec.cat\/ceiplesfonts\/wp-json\/wp\/v2\/types\/post"}],"author":[{"embeddable":true,"href":"https:\/\/agora.xtec.cat\/ceiplesfonts\/wp-json\/wp\/v2\/users\/6"}],"replies":[{"embeddable":true,"href":"https:\/\/agora.xtec.cat\/ceiplesfonts\/wp-json\/wp\/v2\/comments?post=2005"}],"version-history":[{"count":3,"href":"https:\/\/agora.xtec.cat\/ceiplesfonts\/wp-json\/wp\/v2\/posts\/2005\/revisions"}],"predecessor-version":[{"id":2040,"href":"https:\/\/agora.xtec.cat\/ceiplesfonts\/wp-json\/wp\/v2\/posts\/2005\/revisions\/2040"}],"wp:featuredmedia":[{"embeddable":true,"href":"https:\/\/agora.xtec.cat\/ceiplesfonts\/wp-json\/wp\/v2\/media\/2008"}],"wp:attachment":[{"href":"https:\/\/agora.xtec.cat\/ceiplesfonts\/wp-json\/wp\/v2\/media?parent=2005"}],"wp:term":[{"taxonomy":"category","embeddable":true,"href":"https:\/\/agora.xtec.cat\/ceiplesfonts\/wp-json\/wp\/v2\/categories?post=2005"},{"taxonomy":"post_tag","embeddable":true,"href":"https:\/\/agora.xtec.cat\/ceiplesfonts\/wp-json\/wp\/v2\/tags?post=2005"}],"curies":[{"name":"wp","href":"https:\/\/api.w.org\/{rel}","templated":true}]}}