{"id":2001,"date":"2023-05-28T23:07:19","date_gmt":"2023-05-28T21:07:19","guid":{"rendered":"https:\/\/agora.xtec.cat\/ceiplesfonts\/?p=2001"},"modified":"2023-05-28T23:07:19","modified_gmt":"2023-05-28T21:07:19","slug":"nou-videoclip-4t-la-nena-2","status":"publish","type":"post","link":"https:\/\/agora.xtec.cat\/ceiplesfonts\/portada\/nou-videoclip-4t-la-nena-2\/","title":{"rendered":"NOU V\u00cdDEOCLIP 4t &#8220;LA NENA&#8221;"},"content":{"rendered":"<p><iframe loading=\"lazy\" width=\"760\" height=\"315\" src=\"https:\/\/www.youtube.com\/embed\/wS91XyUWxVs\" title=\"YouTube video player\" frameborder=\"0\" allow=\"accelerometer; autoplay; clipboard-write; encrypted-media; gyroscope; picture-in-picture; web-share\" allowfullscreen><\/iframe><\/p>\n<p>L&#8217;alumnat de 4t ha enregistrat una can\u00e7\u00f3 del grup L\u00f2xias titulada &#8220;La Nena&#8221;. La gravaci\u00f3  s&#8217;ha dut a terme a l&#8217;estudi del CdA Pau Casals (El Vendrell) durant la seva estada de tres dies a principis de maig. A m\u00e9s tamb\u00e9 han gravat un videoclip amb idees que han sorgit dels infants. Ha quedat molt bonic. Esperem que us agradadi!<\/p>\n","protected":false},"excerpt":{"rendered":"<p>L&#8217;alumnat de 4t ha enregistrat una can\u00e7\u00f3 del grup L\u00f2xias titulada &#8220;La Nena&#8221;. La gravaci\u00f3  s&#8217;ha dut a terme a l&#8217;estudi del CdA Pau Casals (El Vendrell) durant la seva estada de tres dies a principis de maig. A m\u00e9s tamb\u00e9 han gravat un&hellip;  <a href=\"https:\/\/agora.xtec.cat\/ceiplesfonts\/portada\/nou-videoclip-4t-la-nena-2\/\" title=\"Read NOU V\u00cdDEOCLIP 4t &#8220;LA NENA&#8221;\">Llegeix m\u00e9s\u00bb<\/a><\/p>\n","protected":false},"author":1,"featured_media":2002,"comment_status":"closed","ping_status":"closed","sticky":false,"template":"","format":"standard","meta":{"_bbp_topic_count":0,"_bbp_reply_count":0,"_bbp_total_topic_count":0,"_bbp_total_reply_count":0,"_bbp_voice_count":0,"_bbp_anonymous_reply_count":0,"_bbp_topic_count_hidden":0,"_bbp_reply_count_hidden":0,"_bbp_forum_subforum_count":0,"footnotes":""},"categories":[4],"tags":[],"class_list":["post-2001","post","type-post","status-publish","format-standard","has-post-thumbnail","hentry","category-portada"],"post_mailing_queue_ids":[],"_links":{"self":[{"href":"https:\/\/agora.xtec.cat\/ceiplesfonts\/wp-json\/wp\/v2\/posts\/2001","targetHints":{"allow":["GET"]}}],"collection":[{"href":"https:\/\/agora.xtec.cat\/ceiplesfonts\/wp-json\/wp\/v2\/posts"}],"about":[{"href":"https:\/\/agora.xtec.cat\/ceiplesfonts\/wp-json\/wp\/v2\/types\/post"}],"author":[{"embeddable":true,"href":"https:\/\/agora.xtec.cat\/ceiplesfonts\/wp-json\/wp\/v2\/users\/1"}],"replies":[{"embeddable":true,"href":"https:\/\/agora.xtec.cat\/ceiplesfonts\/wp-json\/wp\/v2\/comments?post=2001"}],"version-history":[{"count":1,"href":"https:\/\/agora.xtec.cat\/ceiplesfonts\/wp-json\/wp\/v2\/posts\/2001\/revisions"}],"predecessor-version":[{"id":2003,"href":"https:\/\/agora.xtec.cat\/ceiplesfonts\/wp-json\/wp\/v2\/posts\/2001\/revisions\/2003"}],"wp:featuredmedia":[{"embeddable":true,"href":"https:\/\/agora.xtec.cat\/ceiplesfonts\/wp-json\/wp\/v2\/media\/2002"}],"wp:attachment":[{"href":"https:\/\/agora.xtec.cat\/ceiplesfonts\/wp-json\/wp\/v2\/media?parent=2001"}],"wp:term":[{"taxonomy":"category","embeddable":true,"href":"https:\/\/agora.xtec.cat\/ceiplesfonts\/wp-json\/wp\/v2\/categories?post=2001"},{"taxonomy":"post_tag","embeddable":true,"href":"https:\/\/agora.xtec.cat\/ceiplesfonts\/wp-json\/wp\/v2\/tags?post=2001"}],"curies":[{"name":"wp","href":"https:\/\/api.w.org\/{rel}","templated":true}]}}