{"id":1990,"date":"2023-05-29T08:56:45","date_gmt":"2023-05-29T06:56:45","guid":{"rendered":"https:\/\/agora.xtec.cat\/ceiplesfonts\/?p=1990"},"modified":"2023-05-29T08:56:45","modified_gmt":"2023-05-29T06:56:45","slug":"jornades-esportives-3r","status":"publish","type":"post","link":"https:\/\/agora.xtec.cat\/ceiplesfonts\/primaria\/6\/jornades-esportives-3r\/","title":{"rendered":"JORNADES ESPORTIVES &#8211; 3r"},"content":{"rendered":"<p>El passat 19 de maig, els alumnes de tercer van assistir a les Jornades Esportives organitzades per les escoles Bernat de Riudem\u00e8ia, Argentona, Sant Miquel de Cros i Les Fonts.<br \/>\nVan participar uns 120 alumnes de Cicle Mitj\u00e0 dels diferents centres i al llarg del mat\u00ed van practicar diferents jocs preesportius a les instal\u00b7lacions esportives municipals.<\/p>\n<p>Va estar una jornada molt entretinguda i van passar-ho d\u2019all\u00f2 m\u00e9s b\u00e9!<\/p>\n<p><iframe loading=\"lazy\" title=\"JORNADES ESPORTIVES 3r\" src=\"https:\/\/www.youtube.com\/embed\/J-VbSXiCjN0\" width=\"560\" height=\"360\" frameborder=\"0\"><\/iframe><\/p>\n","protected":false},"excerpt":{"rendered":"<p>El passat 19 de maig, els alumnes de tercer van assistir a les Jornades Esportives organitzades per les escoles Bernat de Riudem\u00e8ia, Argentona, Sant Miquel de Cros i Les Fonts.<br \/>\nVan participar uns 120 alumnes de Cicle Mitj\u00e0 dels diferents centres i al llarg del mat\u00ed&hellip;  <a href=\"https:\/\/agora.xtec.cat\/ceiplesfonts\/primaria\/6\/jornades-esportives-3r\/\" title=\"Read JORNADES ESPORTIVES &#8211; 3r\">Llegeix m\u00e9s\u00bb<\/a><\/p>\n","protected":false},"author":21,"featured_media":2004,"comment_status":"closed","ping_status":"closed","sticky":false,"template":"","format":"standard","meta":{"_bbp_topic_count":0,"_bbp_reply_count":0,"_bbp_total_topic_count":0,"_bbp_total_reply_count":0,"_bbp_voice_count":0,"_bbp_anonymous_reply_count":0,"_bbp_topic_count_hidden":0,"_bbp_reply_count_hidden":0,"_bbp_forum_subforum_count":0,"footnotes":""},"categories":[11],"tags":[],"class_list":["post-1990","post","type-post","status-publish","format-standard","has-post-thumbnail","hentry","category-11"],"post_mailing_queue_ids":[],"_links":{"self":[{"href":"https:\/\/agora.xtec.cat\/ceiplesfonts\/wp-json\/wp\/v2\/posts\/1990","targetHints":{"allow":["GET"]}}],"collection":[{"href":"https:\/\/agora.xtec.cat\/ceiplesfonts\/wp-json\/wp\/v2\/posts"}],"about":[{"href":"https:\/\/agora.xtec.cat\/ceiplesfonts\/wp-json\/wp\/v2\/types\/post"}],"author":[{"embeddable":true,"href":"https:\/\/agora.xtec.cat\/ceiplesfonts\/wp-json\/wp\/v2\/users\/21"}],"replies":[{"embeddable":true,"href":"https:\/\/agora.xtec.cat\/ceiplesfonts\/wp-json\/wp\/v2\/comments?post=1990"}],"version-history":[{"count":2,"href":"https:\/\/agora.xtec.cat\/ceiplesfonts\/wp-json\/wp\/v2\/posts\/1990\/revisions"}],"predecessor-version":[{"id":1995,"href":"https:\/\/agora.xtec.cat\/ceiplesfonts\/wp-json\/wp\/v2\/posts\/1990\/revisions\/1995"}],"wp:featuredmedia":[{"embeddable":true,"href":"https:\/\/agora.xtec.cat\/ceiplesfonts\/wp-json\/wp\/v2\/media\/2004"}],"wp:attachment":[{"href":"https:\/\/agora.xtec.cat\/ceiplesfonts\/wp-json\/wp\/v2\/media?parent=1990"}],"wp:term":[{"taxonomy":"category","embeddable":true,"href":"https:\/\/agora.xtec.cat\/ceiplesfonts\/wp-json\/wp\/v2\/categories?post=1990"},{"taxonomy":"post_tag","embeddable":true,"href":"https:\/\/agora.xtec.cat\/ceiplesfonts\/wp-json\/wp\/v2\/tags?post=1990"}],"curies":[{"name":"wp","href":"https:\/\/api.w.org\/{rel}","templated":true}]}}