{"id":1889,"date":"2023-04-23T14:19:33","date_gmt":"2023-04-23T12:19:33","guid":{"rendered":"https:\/\/agora.xtec.cat\/ceiplesfonts\/?p=1889"},"modified":"2023-05-02T07:37:06","modified_gmt":"2023-05-02T05:37:06","slug":"sant-jordi-2023","status":"publish","type":"post","link":"https:\/\/agora.xtec.cat\/ceiplesfonts\/portada\/sant-jordi-2023\/","title":{"rendered":"SANT JORDI 2023"},"content":{"rendered":"<p><iframe loading=\"lazy\" width=\"924\" height=\"420\" src=\"https:\/\/www.youtube.com\/embed\/tL-8ZX31d7Y\" title=\"YouTube video player\" frameborder=\"0\" allow=\"accelerometer; autoplay; clipboard-write; encrypted-media; gyroscope; picture-in-picture; web-share\" allowfullscreen><\/iframe><\/p>\n<p>Sant Jordi, la festa del llibre i de la rosa, \u00e9s tamb\u00e9 una gran festa a l\u2019escola.<br \/>\nDurant tota la setmana, els i les alumnes de Les Fonts van celebrar la festa de Sant Jordi amb un munt d\u2019activitats. Una de les que m\u00e9s esperades, va ser quan l&#8217;alumnat de 1r va escenificar la representaci\u00f3 teatral de &#8220;La Llegenda de Sant Jordi&#8221;, ho van fer fant\u00e0stic!<\/p>\n<p>A m\u00e9s, tots els nens i nenes, des de P3 fins a 6\u00e8, van realitzar diversos tallers, a prim\u00e0ria vam celebrar els Jocs Florals i un concurs d&#8217;il\u00b7lustraci\u00f3. Van venir fam\u00edlies i mestres a fer de \u201cconta-contes\u201d, i tamb\u00e9 vam fer el tradicional intercanvi de llibres. Uns dies plens de cultura. Hem apr\u00e9s un munt i ens ho hem passat d\u2019all\u00f2 m\u00e9s b\u00e9!<\/p>\n<p><a href=\"https:\/\/agora.xtec.cat\/ceiplesfonts\/wp-content\/uploads\/usu2928\/2023\/04\/1.jpeg\"><img loading=\"lazy\" decoding=\"async\" class=\"alignnone size-large wp-image-1890\" src=\"https:\/\/agora.xtec.cat\/ceiplesfonts\/wp-content\/uploads\/usu2928\/2023\/04\/1-1024x631.jpeg\" alt=\"\" width=\"1024\" height=\"631\" srcset=\"https:\/\/agora.xtec.cat\/ceiplesfonts\/wp-content\/uploads\/usu2928\/2023\/04\/1-1024x631.jpeg 1024w, https:\/\/agora.xtec.cat\/ceiplesfonts\/wp-content\/uploads\/usu2928\/2023\/04\/1-300x185.jpeg 300w, https:\/\/agora.xtec.cat\/ceiplesfonts\/wp-content\/uploads\/usu2928\/2023\/04\/1-768x473.jpeg 768w, https:\/\/agora.xtec.cat\/ceiplesfonts\/wp-content\/uploads\/usu2928\/2023\/04\/1.jpeg 1311w\" sizes=\"auto, (max-width: 1024px) 100vw, 1024px\" \/><\/a><\/p>\n<p>&nbsp;<\/p>\n<p><a href=\"https:\/\/agora.xtec.cat\/ceiplesfonts\/wp-content\/uploads\/usu2928\/2023\/04\/2.jpeg\"><img loading=\"lazy\" decoding=\"async\" class=\"alignnone size-large wp-image-1891\" src=\"https:\/\/agora.xtec.cat\/ceiplesfonts\/wp-content\/uploads\/usu2928\/2023\/04\/2-1024x800.jpeg\" alt=\"\" width=\"1024\" height=\"800\" srcset=\"https:\/\/agora.xtec.cat\/ceiplesfonts\/wp-content\/uploads\/usu2928\/2023\/04\/2-1024x800.jpeg 1024w, https:\/\/agora.xtec.cat\/ceiplesfonts\/wp-content\/uploads\/usu2928\/2023\/04\/2-300x234.jpeg 300w, https:\/\/agora.xtec.cat\/ceiplesfonts\/wp-content\/uploads\/usu2928\/2023\/04\/2-768x600.jpeg 768w, https:\/\/agora.xtec.cat\/ceiplesfonts\/wp-content\/uploads\/usu2928\/2023\/04\/2.jpeg 1364w\" sizes=\"auto, (max-width: 1024px) 100vw, 1024px\" \/><\/a> <a href=\"https:\/\/agora.xtec.cat\/ceiplesfonts\/wp-content\/uploads\/usu2928\/2023\/04\/llegenda1.jpeg\"><img loading=\"lazy\" decoding=\"async\" class=\"alignnone size-large wp-image-1892\" src=\"https:\/\/agora.xtec.cat\/ceiplesfonts\/wp-content\/uploads\/usu2928\/2023\/04\/llegenda1-1024x521.jpeg\" alt=\"\" width=\"1024\" height=\"521\" srcset=\"https:\/\/agora.xtec.cat\/ceiplesfonts\/wp-content\/uploads\/usu2928\/2023\/04\/llegenda1-1024x521.jpeg 1024w, https:\/\/agora.xtec.cat\/ceiplesfonts\/wp-content\/uploads\/usu2928\/2023\/04\/llegenda1-300x153.jpeg 300w, https:\/\/agora.xtec.cat\/ceiplesfonts\/wp-content\/uploads\/usu2928\/2023\/04\/llegenda1-768x391.jpeg 768w, https:\/\/agora.xtec.cat\/ceiplesfonts\/wp-content\/uploads\/usu2928\/2023\/04\/llegenda1-1536x782.jpeg 1536w, https:\/\/agora.xtec.cat\/ceiplesfonts\/wp-content\/uploads\/usu2928\/2023\/04\/llegenda1.jpeg 1991w\" sizes=\"auto, (max-width: 1024px) 100vw, 1024px\" \/><\/a><\/p>\n<p>&nbsp;<\/p>\n","protected":false},"excerpt":{"rendered":"<p>Sant Jordi, la festa del llibre i de la rosa, \u00e9s tamb\u00e9 una gran festa a l\u2019escola.<br \/>\nDurant tota la setmana, els i les alumnes de Les Fonts van celebrar la festa de Sant Jordi amb un munt d\u2019activitats. L&#8217;alumnat de 1r va escenificar la Llegenda de Sant Jordi i ho van fer fant\u00e0stic!<\/p>\n<p>Tots els nens i nenes, des de P3 fins a 6\u00e8, van realitzar diversos tallers, a prim\u00e0ria vam  celebrar els Jocs Florals i un concurs d&#8217;il\u00b7lustraci\u00f3.  Van venir fam\u00edlies i mestres a fer de \u201cconta-contes\u201d, i tamb\u00e9 vam fer el tradicional intercanvi de llibres. Uns dies plens de cultura. Hem apr\u00e9s un munt i ens ho hem passat d\u2019all\u00f2 m\u00e9s b\u00e9!&hellip;  <a href=\"https:\/\/agora.xtec.cat\/ceiplesfonts\/portada\/sant-jordi-2023\/\" title=\"Read SANT JORDI 2023\">Llegeix m\u00e9s\u00bb<\/a><\/p>\n","protected":false},"author":1,"featured_media":1892,"comment_status":"closed","ping_status":"closed","sticky":false,"template":"","format":"standard","meta":{"_bbp_topic_count":0,"_bbp_reply_count":0,"_bbp_total_topic_count":0,"_bbp_total_reply_count":0,"_bbp_voice_count":0,"_bbp_anonymous_reply_count":0,"_bbp_topic_count_hidden":0,"_bbp_reply_count_hidden":0,"_bbp_forum_subforum_count":0,"footnotes":""},"categories":[4],"tags":[],"class_list":["post-1889","post","type-post","status-publish","format-standard","has-post-thumbnail","hentry","category-portada"],"post_mailing_queue_ids":[],"_links":{"self":[{"href":"https:\/\/agora.xtec.cat\/ceiplesfonts\/wp-json\/wp\/v2\/posts\/1889","targetHints":{"allow":["GET"]}}],"collection":[{"href":"https:\/\/agora.xtec.cat\/ceiplesfonts\/wp-json\/wp\/v2\/posts"}],"about":[{"href":"https:\/\/agora.xtec.cat\/ceiplesfonts\/wp-json\/wp\/v2\/types\/post"}],"author":[{"embeddable":true,"href":"https:\/\/agora.xtec.cat\/ceiplesfonts\/wp-json\/wp\/v2\/users\/1"}],"replies":[{"embeddable":true,"href":"https:\/\/agora.xtec.cat\/ceiplesfonts\/wp-json\/wp\/v2\/comments?post=1889"}],"version-history":[{"count":3,"href":"https:\/\/agora.xtec.cat\/ceiplesfonts\/wp-json\/wp\/v2\/posts\/1889\/revisions"}],"predecessor-version":[{"id":1905,"href":"https:\/\/agora.xtec.cat\/ceiplesfonts\/wp-json\/wp\/v2\/posts\/1889\/revisions\/1905"}],"wp:featuredmedia":[{"embeddable":true,"href":"https:\/\/agora.xtec.cat\/ceiplesfonts\/wp-json\/wp\/v2\/media\/1892"}],"wp:attachment":[{"href":"https:\/\/agora.xtec.cat\/ceiplesfonts\/wp-json\/wp\/v2\/media?parent=1889"}],"wp:term":[{"taxonomy":"category","embeddable":true,"href":"https:\/\/agora.xtec.cat\/ceiplesfonts\/wp-json\/wp\/v2\/categories?post=1889"},{"taxonomy":"post_tag","embeddable":true,"href":"https:\/\/agora.xtec.cat\/ceiplesfonts\/wp-json\/wp\/v2\/tags?post=1889"}],"curies":[{"name":"wp","href":"https:\/\/api.w.org\/{rel}","templated":true}]}}