{"id":1826,"date":"2023-03-22T10:51:40","date_gmt":"2023-03-22T09:51:40","guid":{"rendered":"https:\/\/agora.xtec.cat\/ceiplesfonts\/?p=1826"},"modified":"2023-03-23T08:39:59","modified_gmt":"2023-03-23T07:39:59","slug":"concurs-literari-arros-montsia","status":"publish","type":"post","link":"https:\/\/agora.xtec.cat\/ceiplesfonts\/general\/concurs-literari-arros-montsia\/","title":{"rendered":"Concurs literari Arr\u00f2s Montsi\u00e0"},"content":{"rendered":"<p>Aquest mes de mar\u00e7, els i les alumnes de 3r ens hem presentat al concurs literari que organitza l&#8217;Arr\u00f2s Montsi\u00e0.<\/p>\n<p>Aquest concurs engloba continguts treballats a medi com els h\u00e0bits saludables i la comarca del Montsi\u00e0 que ens ha perm\u00e8s ubicar-la dins la nostra comunitat aut\u00f2noma i, tamb\u00e9 hem conegut amb m\u00e9s detall les terres de l&#8217;Ebre i el riu Ebre. A m\u00e9s, de manera transversal, ens ha perm\u00e8s treballar la narraci\u00f3 i elaborar, de manera individual, un relat sobre el proc\u00e9s d&#8217;elaboraci\u00f3 de l&#8217;arr\u00f2s al Montsi\u00e0 i hem redactat una recepta d&#8217;arr\u00f2s que cuinem a casa.<\/p>\n<p>Hem gaudit molt de tot el proc\u00e9s i hem apr\u00e8s moltes coses noves!<\/p>\n<p><img loading=\"lazy\" decoding=\"async\" class=\"aligncenter size-large wp-image-1828\" src=\"https:\/\/agora.xtec.cat\/ceiplesfonts\/wp-content\/uploads\/usu2928\/2023\/03\/Arro\u0300sMontsia\u03003r-1024x768.jpeg\" alt=\"\" width=\"1024\" height=\"768\" srcset=\"https:\/\/agora.xtec.cat\/ceiplesfonts\/wp-content\/uploads\/usu2928\/2023\/03\/Arro\u0300sMontsia\u03003r-1024x768.jpeg 1024w, https:\/\/agora.xtec.cat\/ceiplesfonts\/wp-content\/uploads\/usu2928\/2023\/03\/Arro\u0300sMontsia\u03003r-300x225.jpeg 300w, https:\/\/agora.xtec.cat\/ceiplesfonts\/wp-content\/uploads\/usu2928\/2023\/03\/Arro\u0300sMontsia\u03003r-768x576.jpeg 768w, https:\/\/agora.xtec.cat\/ceiplesfonts\/wp-content\/uploads\/usu2928\/2023\/03\/Arro\u0300sMontsia\u03003r-1536x1152.jpeg 1536w, https:\/\/agora.xtec.cat\/ceiplesfonts\/wp-content\/uploads\/usu2928\/2023\/03\/Arro\u0300sMontsia\u03003r-200x150.jpeg 200w, https:\/\/agora.xtec.cat\/ceiplesfonts\/wp-content\/uploads\/usu2928\/2023\/03\/Arro\u0300sMontsia\u03003r.jpeg 2048w\" sizes=\"auto, (max-width: 1024px) 100vw, 1024px\" \/><\/p>\n<p>&nbsp;<\/p>\n","protected":false},"excerpt":{"rendered":"<p>Aquest mes de mar\u00e7, els i les alumnes de 3r ens hem presentat al concurs literari que organitza l&#8217;Arr\u00f2s Montsi\u00e0.<br \/>\nAquest concurs engloba continguts treballats a medi com els h\u00e0bits saludables i la comarca del Montsi\u00e0 que ens ha perm\u00e8s ubicar-la dins la nostra comunitat aut\u00f2noma&hellip;  <a href=\"https:\/\/agora.xtec.cat\/ceiplesfonts\/general\/concurs-literari-arros-montsia\/\" title=\"Read Concurs literari Arr\u00f2s Montsi\u00e0\">Llegeix m\u00e9s\u00bb<\/a><\/p>\n","protected":false},"author":39,"featured_media":0,"comment_status":"closed","ping_status":"closed","sticky":false,"template":"","format":"standard","meta":{"_bbp_topic_count":0,"_bbp_reply_count":0,"_bbp_total_topic_count":0,"_bbp_total_reply_count":0,"_bbp_voice_count":0,"_bbp_anonymous_reply_count":0,"_bbp_topic_count_hidden":0,"_bbp_reply_count_hidden":0,"_bbp_forum_subforum_count":0,"footnotes":""},"categories":[11,1],"tags":[],"class_list":["post-1826","post","type-post","status-publish","format-standard","hentry","category-11","category-general"],"post_mailing_queue_ids":[],"_links":{"self":[{"href":"https:\/\/agora.xtec.cat\/ceiplesfonts\/wp-json\/wp\/v2\/posts\/1826","targetHints":{"allow":["GET"]}}],"collection":[{"href":"https:\/\/agora.xtec.cat\/ceiplesfonts\/wp-json\/wp\/v2\/posts"}],"about":[{"href":"https:\/\/agora.xtec.cat\/ceiplesfonts\/wp-json\/wp\/v2\/types\/post"}],"author":[{"embeddable":true,"href":"https:\/\/agora.xtec.cat\/ceiplesfonts\/wp-json\/wp\/v2\/users\/39"}],"replies":[{"embeddable":true,"href":"https:\/\/agora.xtec.cat\/ceiplesfonts\/wp-json\/wp\/v2\/comments?post=1826"}],"version-history":[{"count":1,"href":"https:\/\/agora.xtec.cat\/ceiplesfonts\/wp-json\/wp\/v2\/posts\/1826\/revisions"}],"predecessor-version":[{"id":1829,"href":"https:\/\/agora.xtec.cat\/ceiplesfonts\/wp-json\/wp\/v2\/posts\/1826\/revisions\/1829"}],"wp:attachment":[{"href":"https:\/\/agora.xtec.cat\/ceiplesfonts\/wp-json\/wp\/v2\/media?parent=1826"}],"wp:term":[{"taxonomy":"category","embeddable":true,"href":"https:\/\/agora.xtec.cat\/ceiplesfonts\/wp-json\/wp\/v2\/categories?post=1826"},{"taxonomy":"post_tag","embeddable":true,"href":"https:\/\/agora.xtec.cat\/ceiplesfonts\/wp-json\/wp\/v2\/tags?post=1826"}],"curies":[{"name":"wp","href":"https:\/\/api.w.org\/{rel}","templated":true}]}}