{"id":1795,"date":"2023-03-01T09:09:34","date_gmt":"2023-03-01T08:09:34","guid":{"rendered":"https:\/\/agora.xtec.cat\/ceiplesfonts\/?p=1795"},"modified":"2023-03-01T09:09:34","modified_gmt":"2023-03-01T08:09:34","slug":"que-em-vaig-poder-endur","status":"publish","type":"post","link":"https:\/\/agora.xtec.cat\/ceiplesfonts\/primaria\/que-em-vaig-poder-endur\/","title":{"rendered":"QU\u00c8 EM VAIG PODER ENDUR?"},"content":{"rendered":"<p>Des de l&#8217;escola ensenyem i eduquem als nens i nenes a conviure i crear un m\u00f3n on es fomenti la pau, el respecte i l&#8217;empatia cap a totes les persones que hi conviuen, per aix\u00f2 vam treballar el dia de la Pau aquesta exposici\u00f3 fotogr\u00e0fica on ells van poder veure una realitat que hi ha al m\u00f3n i d&#8217;aquesta manera ser conscients i cr\u00edtics amb els actes que les persones tenim en el m\u00f3n actual. Ens vam posar en la pell d&#8217;aquelles persones que van fugir d&#8217;una guerra i van haver de deixar tota una vida i emprendre un cam\u00ed diferent per poder sobreviure. Els nens i nenes de 1r van fer la seva maleta amb l&#8217;\u00fanic objecte que podien emportar-se davant una situaci\u00f3 com aquesta, reflexionant i argumentant el perqu\u00e8 d&#8217;aquell objecte davant tot el grup classe. Van ser uns relats molt emotius.<\/p>\n<p>&nbsp;<\/p>\n<p><iframe loading=\"lazy\" title=\"Qu\u00e8 em vaig poder endur_ Web escola .pdf\" src=\"https:\/\/www.slideshare.net\/slideshow\/embed_code\/key\/GBPJkxfLDtJK96\" width=\"427\" height=\"356\" frameborder=\"0\" marginwidth=\"0\" marginheight=\"0\" scrolling=\"no\" style=\"border:1px solid #CCC; border-width:1px; margin-bottom:5px; max-width: 100%;\" allowfullscreen> <\/iframe><\/p>\n<p>&nbsp;<\/p>\n","protected":false},"excerpt":{"rendered":"<p>Des de l&#8217;escola ensenyem i eduquem als nens i nenes a conviure i crear un m\u00f3n on es fomenti la pau, el respecte i l&#8217;empatia cap a totes les persones que hi conviuen, per aix\u00f2 vam treballar el dia de la Pau aquesta exposici\u00f3 fotogr\u00e0fica&hellip;  <a href=\"https:\/\/agora.xtec.cat\/ceiplesfonts\/primaria\/que-em-vaig-poder-endur\/\" title=\"Read QU\u00c8 EM VAIG PODER ENDUR?\">Llegeix m\u00e9s\u00bb<\/a><\/p>\n","protected":false},"author":1,"featured_media":0,"comment_status":"closed","ping_status":"closed","sticky":false,"template":"","format":"standard","meta":{"_bbp_topic_count":0,"_bbp_reply_count":0,"_bbp_total_topic_count":0,"_bbp_total_reply_count":0,"_bbp_voice_count":0,"_bbp_anonymous_reply_count":0,"_bbp_topic_count_hidden":0,"_bbp_reply_count_hidden":0,"_bbp_forum_subforum_count":0,"footnotes":""},"categories":[9,5],"tags":[64],"class_list":["post-1795","post","type-post","status-publish","format-standard","hentry","category-9","category-primaria","tag-primaria"],"post_mailing_queue_ids":[],"_links":{"self":[{"href":"https:\/\/agora.xtec.cat\/ceiplesfonts\/wp-json\/wp\/v2\/posts\/1795","targetHints":{"allow":["GET"]}}],"collection":[{"href":"https:\/\/agora.xtec.cat\/ceiplesfonts\/wp-json\/wp\/v2\/posts"}],"about":[{"href":"https:\/\/agora.xtec.cat\/ceiplesfonts\/wp-json\/wp\/v2\/types\/post"}],"author":[{"embeddable":true,"href":"https:\/\/agora.xtec.cat\/ceiplesfonts\/wp-json\/wp\/v2\/users\/1"}],"replies":[{"embeddable":true,"href":"https:\/\/agora.xtec.cat\/ceiplesfonts\/wp-json\/wp\/v2\/comments?post=1795"}],"version-history":[{"count":1,"href":"https:\/\/agora.xtec.cat\/ceiplesfonts\/wp-json\/wp\/v2\/posts\/1795\/revisions"}],"predecessor-version":[{"id":1796,"href":"https:\/\/agora.xtec.cat\/ceiplesfonts\/wp-json\/wp\/v2\/posts\/1795\/revisions\/1796"}],"wp:attachment":[{"href":"https:\/\/agora.xtec.cat\/ceiplesfonts\/wp-json\/wp\/v2\/media?parent=1795"}],"wp:term":[{"taxonomy":"category","embeddable":true,"href":"https:\/\/agora.xtec.cat\/ceiplesfonts\/wp-json\/wp\/v2\/categories?post=1795"},{"taxonomy":"post_tag","embeddable":true,"href":"https:\/\/agora.xtec.cat\/ceiplesfonts\/wp-json\/wp\/v2\/tags?post=1795"}],"curies":[{"name":"wp","href":"https:\/\/api.w.org\/{rel}","templated":true}]}}