{"id":1713,"date":"2023-01-30T23:07:53","date_gmt":"2023-01-30T22:07:53","guid":{"rendered":"https:\/\/agora.xtec.cat\/ceiplesfonts\/?p=1713"},"modified":"2023-01-30T23:10:46","modified_gmt":"2023-01-30T22:10:46","slug":"denip-dia-de-la-pau-2023","status":"publish","type":"post","link":"https:\/\/agora.xtec.cat\/ceiplesfonts\/infantil\/denip-dia-de-la-pau-2023\/","title":{"rendered":"DENIP 2023  *DIA ESCOLAR DE LA NO-VIOL\u00c8NCIA I LA PAU"},"content":{"rendered":"<p><iframe loading=\"lazy\" title=\"YouTube video player\" src=\"https:\/\/www.youtube.com\/embed\/JXeuuLyiwrQ\" width=\"860\" height=\"415\" frameborder=\"0\" allowfullscreen=\"allowfullscreen\"><\/iframe><\/p>\n<p>Avui, 30 de gener, hem celebrat el Dia Escolar de la No-viol\u00e8ncia i la Pau DENIP amb diferents activitats. Al mat\u00ed els alumnes de les classes de les formigues i els dofins d&#8217; I5 ens han ofert la Llegenda de l&#8217;Arc de Sant Mart\u00ed. Ho han fet fant\u00e0stic! A la tarda, ens hem reunit al pati i dos representants de 6\u00e8 han llegit un manifest; per finalitzar hem cantat tots junts can\u00e7ons de pau. Un dia ple de reflexions i moments emotius!<\/p>\n<p>&nbsp;<\/p>\n","protected":false},"excerpt":{"rendered":"<p>Avui, 30 de gener, hem celebrat el Dia Escolar de la No-viol\u00e8ncia i la Pau DENIP amb diferents activitats. Al mat\u00ed els alumnes de les classes de les formigues i els dofins d&#8217; I5 ens han ofert la Llegenda de l&#8217;Arc de Sant Mart\u00ed. Ho&hellip;  <a href=\"https:\/\/agora.xtec.cat\/ceiplesfonts\/infantil\/denip-dia-de-la-pau-2023\/\" title=\"Read DENIP 2023  *DIA ESCOLAR DE LA NO-VIOL\u00c8NCIA I LA PAU\">Llegeix m\u00e9s\u00bb<\/a><\/p>\n","protected":false},"author":1,"featured_media":0,"comment_status":"closed","ping_status":"closed","sticky":false,"template":"","format":"standard","meta":{"_bbp_topic_count":0,"_bbp_reply_count":0,"_bbp_total_topic_count":0,"_bbp_total_reply_count":0,"_bbp_voice_count":0,"_bbp_anonymous_reply_count":0,"_bbp_topic_count_hidden":0,"_bbp_reply_count_hidden":0,"_bbp_forum_subforum_count":0,"footnotes":""},"categories":[8,2,4,5],"tags":[],"class_list":["post-1713","post","type-post","status-publish","format-standard","hentry","category-8","category-infantil","category-portada","category-primaria"],"post_mailing_queue_ids":[],"_links":{"self":[{"href":"https:\/\/agora.xtec.cat\/ceiplesfonts\/wp-json\/wp\/v2\/posts\/1713","targetHints":{"allow":["GET"]}}],"collection":[{"href":"https:\/\/agora.xtec.cat\/ceiplesfonts\/wp-json\/wp\/v2\/posts"}],"about":[{"href":"https:\/\/agora.xtec.cat\/ceiplesfonts\/wp-json\/wp\/v2\/types\/post"}],"author":[{"embeddable":true,"href":"https:\/\/agora.xtec.cat\/ceiplesfonts\/wp-json\/wp\/v2\/users\/1"}],"replies":[{"embeddable":true,"href":"https:\/\/agora.xtec.cat\/ceiplesfonts\/wp-json\/wp\/v2\/comments?post=1713"}],"version-history":[{"count":4,"href":"https:\/\/agora.xtec.cat\/ceiplesfonts\/wp-json\/wp\/v2\/posts\/1713\/revisions"}],"predecessor-version":[{"id":1720,"href":"https:\/\/agora.xtec.cat\/ceiplesfonts\/wp-json\/wp\/v2\/posts\/1713\/revisions\/1720"}],"wp:attachment":[{"href":"https:\/\/agora.xtec.cat\/ceiplesfonts\/wp-json\/wp\/v2\/media?parent=1713"}],"wp:term":[{"taxonomy":"category","embeddable":true,"href":"https:\/\/agora.xtec.cat\/ceiplesfonts\/wp-json\/wp\/v2\/categories?post=1713"},{"taxonomy":"post_tag","embeddable":true,"href":"https:\/\/agora.xtec.cat\/ceiplesfonts\/wp-json\/wp\/v2\/tags?post=1713"}],"curies":[{"name":"wp","href":"https:\/\/api.w.org\/{rel}","templated":true}]}}