{"id":1674,"date":"2022-12-28T09:51:43","date_gmt":"2022-12-28T08:51:43","guid":{"rendered":"https:\/\/agora.xtec.cat\/ceiplesfonts\/?p=1674"},"modified":"2023-01-03T12:17:20","modified_gmt":"2023-01-03T11:17:20","slug":"concert-de-nadal-2022","status":"publish","type":"post","link":"https:\/\/agora.xtec.cat\/ceiplesfonts\/infantil\/concert-de-nadal-2022\/","title":{"rendered":"CONCERT DE NADAL 2022"},"content":{"rendered":"<p>El passat 15 de desembre de 2022 vam celebrar el gran concert de Nadal al teatre La Sala (Argentona). Va ser un espectacle molt bonic, interpretant nadales de diversos estils, autors i \u00e8poques i amb la participaci\u00f3 de tots els grups d&#8217;infantil i prim\u00e0ria. Vam comptar amb m\u00fasics convidats com en Roc Sala, pare de l&#8217;escola al piano, en Toni Corrales i la Mariona Ustrell de 4Cordes\/Musicop al viol\u00ed i la viola.\u00a0 L&#8217;alumnat de 6\u00e8, com a novetat, va dinamitzar el concert amb algunes escenes dels Pastorets que van fer la del\u00edcia de petits i grans. Gr\u00e0cies a tots i totes!!!<\/p>\n<p><iframe loading=\"lazy\" width=\"960\" height=\"515\" src=\"https:\/\/www.youtube.com\/embed\/ewaX9duQyOQ\" title=\"YouTube video player\" frameborder=\"0\" allow=\"accelerometer; autoplay; clipboard-write; encrypted-media; gyroscope; picture-in-picture\" allowfullscreen><\/iframe><\/p>\n<p><iframe loading=\"lazy\" width=\"960\" height=\"515\" src=\"https:\/\/www.youtube.com\/embed\/Hl_x365JuCg\" title=\"YouTube video player\" frameborder=\"0\" allow=\"accelerometer; autoplay; clipboard-write; encrypted-media; gyroscope; picture-in-picture\" allowfullscreen><\/iframe><\/p>\n<p><iframe loading=\"lazy\" width=\"960\" height=\"515\" src=\"https:\/\/www.youtube.com\/embed\/dj0JCzj3oWE\" title=\"YouTube video player\" frameborder=\"0\" allow=\"accelerometer; autoplay; clipboard-write; encrypted-media; gyroscope; picture-in-picture\" allowfullscreen><\/iframe><\/p>\n<p>A m\u00e9s, en Joan Luque, pare de l&#8217;escola, va captar magistralment alguns dels moments de l&#8217;espectacle amb la seva c\u00e0mera. Moltes gr\u00e0cies! Gaudiu de les imatges!<\/p>\n<p><iframe loading=\"lazy\" width=\"960\" height=\"515\" src=\"https:\/\/www.youtube.com\/embed\/vLmJw4wKzN0\" title=\"YouTube video player\" frameborder=\"0\" allow=\"accelerometer; autoplay; clipboard-write; encrypted-media; gyroscope; picture-in-picture\" allowfullscreen><\/iframe><\/p>\n","protected":false},"excerpt":{"rendered":"<p>El passat 15 de desembre de 2022 vam celebrar el gran concert de Nadal al teatre La Sala (Argentona). Va ser un espectacle molt bonic, interpretant nadales de diversos estils, autors i \u00e8poques i amb la participaci\u00f3 de tots els grups d&#8217;infantil i prim\u00e0ria. Vam&hellip;  <a href=\"https:\/\/agora.xtec.cat\/ceiplesfonts\/infantil\/concert-de-nadal-2022\/\" title=\"Read CONCERT DE NADAL 2022\">Llegeix m\u00e9s\u00bb<\/a><\/p>\n","protected":false},"author":1,"featured_media":1675,"comment_status":"closed","ping_status":"closed","sticky":false,"template":"","format":"standard","meta":{"_bbp_topic_count":0,"_bbp_reply_count":0,"_bbp_total_topic_count":0,"_bbp_total_reply_count":0,"_bbp_voice_count":0,"_bbp_anonymous_reply_count":0,"_bbp_topic_count_hidden":0,"_bbp_reply_count_hidden":0,"_bbp_forum_subforum_count":0,"footnotes":""},"categories":[2,4,5],"tags":[],"class_list":["post-1674","post","type-post","status-publish","format-standard","has-post-thumbnail","hentry","category-infantil","category-portada","category-primaria"],"post_mailing_queue_ids":[],"_links":{"self":[{"href":"https:\/\/agora.xtec.cat\/ceiplesfonts\/wp-json\/wp\/v2\/posts\/1674","targetHints":{"allow":["GET"]}}],"collection":[{"href":"https:\/\/agora.xtec.cat\/ceiplesfonts\/wp-json\/wp\/v2\/posts"}],"about":[{"href":"https:\/\/agora.xtec.cat\/ceiplesfonts\/wp-json\/wp\/v2\/types\/post"}],"author":[{"embeddable":true,"href":"https:\/\/agora.xtec.cat\/ceiplesfonts\/wp-json\/wp\/v2\/users\/1"}],"replies":[{"embeddable":true,"href":"https:\/\/agora.xtec.cat\/ceiplesfonts\/wp-json\/wp\/v2\/comments?post=1674"}],"version-history":[{"count":4,"href":"https:\/\/agora.xtec.cat\/ceiplesfonts\/wp-json\/wp\/v2\/posts\/1674\/revisions"}],"predecessor-version":[{"id":1684,"href":"https:\/\/agora.xtec.cat\/ceiplesfonts\/wp-json\/wp\/v2\/posts\/1674\/revisions\/1684"}],"wp:featuredmedia":[{"embeddable":true,"href":"https:\/\/agora.xtec.cat\/ceiplesfonts\/wp-json\/wp\/v2\/media\/1675"}],"wp:attachment":[{"href":"https:\/\/agora.xtec.cat\/ceiplesfonts\/wp-json\/wp\/v2\/media?parent=1674"}],"wp:term":[{"taxonomy":"category","embeddable":true,"href":"https:\/\/agora.xtec.cat\/ceiplesfonts\/wp-json\/wp\/v2\/categories?post=1674"},{"taxonomy":"post_tag","embeddable":true,"href":"https:\/\/agora.xtec.cat\/ceiplesfonts\/wp-json\/wp\/v2\/tags?post=1674"}],"curies":[{"name":"wp","href":"https:\/\/api.w.org\/{rel}","templated":true}]}}