{"id":1663,"date":"2022-12-20T13:43:58","date_gmt":"2022-12-20T12:43:58","guid":{"rendered":"https:\/\/agora.xtec.cat\/ceiplesfonts\/?p=1663"},"modified":"2022-12-20T13:43:58","modified_gmt":"2022-12-20T12:43:58","slug":"construim-maquines-simples","status":"publish","type":"post","link":"https:\/\/agora.xtec.cat\/ceiplesfonts\/promocions\/promo-23\/construim-maquines-simples\/","title":{"rendered":"CONSTRU\u00cfM M\u00c0QUINES SIMPLES"},"content":{"rendered":"<p>Aquest trimestre, els alumnes de sis\u00e8 han estat treballant les m\u00e0quines simples i compostes. Com a projecte final, cada nen\/a n\u2019ha dissenyat una posant en pr\u00e0ctica tot all\u00f2 que ha apr\u00e8s.<\/p>\n<p>Han sortit m\u00e0quines molt interessants i originals. Feu-hi una ullada!<\/p>\n<p><iframe loading=\"lazy\" title=\"YouTube video player\" src=\"https:\/\/www.youtube.com\/embed\/K3qEYb4SaKk\" width=\"560\" height=\"315\" frameborder=\"0\"><\/iframe><\/p>\n","protected":false},"excerpt":{"rendered":"<p>Aquest trimestre, els alumnes de sis\u00e8 han estat treballant les m\u00e0quines simples i compostes. Com a projecte final, cada nen\/a n\u2019ha dissenyat una posant en pr\u00e0ctica tot all\u00f2 que ha apr\u00e8s.<br \/>\nHan sortit m\u00e0quines molt interessants i originals. Feu-hi una ullada!<\/p>\n","protected":false},"author":7,"featured_media":1667,"comment_status":"closed","ping_status":"closed","sticky":false,"template":"","format":"standard","meta":{"_bbp_topic_count":0,"_bbp_reply_count":0,"_bbp_total_topic_count":0,"_bbp_total_reply_count":0,"_bbp_voice_count":0,"_bbp_anonymous_reply_count":0,"_bbp_topic_count_hidden":0,"_bbp_reply_count_hidden":0,"_bbp_forum_subforum_count":0,"footnotes":""},"categories":[14],"tags":[64],"class_list":["post-1663","post","type-post","status-publish","format-standard","has-post-thumbnail","hentry","category-promo-23","tag-primaria"],"post_mailing_queue_ids":[],"_links":{"self":[{"href":"https:\/\/agora.xtec.cat\/ceiplesfonts\/wp-json\/wp\/v2\/posts\/1663","targetHints":{"allow":["GET"]}}],"collection":[{"href":"https:\/\/agora.xtec.cat\/ceiplesfonts\/wp-json\/wp\/v2\/posts"}],"about":[{"href":"https:\/\/agora.xtec.cat\/ceiplesfonts\/wp-json\/wp\/v2\/types\/post"}],"author":[{"embeddable":true,"href":"https:\/\/agora.xtec.cat\/ceiplesfonts\/wp-json\/wp\/v2\/users\/7"}],"replies":[{"embeddable":true,"href":"https:\/\/agora.xtec.cat\/ceiplesfonts\/wp-json\/wp\/v2\/comments?post=1663"}],"version-history":[{"count":3,"href":"https:\/\/agora.xtec.cat\/ceiplesfonts\/wp-json\/wp\/v2\/posts\/1663\/revisions"}],"predecessor-version":[{"id":1668,"href":"https:\/\/agora.xtec.cat\/ceiplesfonts\/wp-json\/wp\/v2\/posts\/1663\/revisions\/1668"}],"wp:featuredmedia":[{"embeddable":true,"href":"https:\/\/agora.xtec.cat\/ceiplesfonts\/wp-json\/wp\/v2\/media\/1667"}],"wp:attachment":[{"href":"https:\/\/agora.xtec.cat\/ceiplesfonts\/wp-json\/wp\/v2\/media?parent=1663"}],"wp:term":[{"taxonomy":"category","embeddable":true,"href":"https:\/\/agora.xtec.cat\/ceiplesfonts\/wp-json\/wp\/v2\/categories?post=1663"},{"taxonomy":"post_tag","embeddable":true,"href":"https:\/\/agora.xtec.cat\/ceiplesfonts\/wp-json\/wp\/v2\/tags?post=1663"}],"curies":[{"name":"wp","href":"https:\/\/api.w.org\/{rel}","templated":true}]}}