{"id":1427,"date":"2022-06-29T11:16:03","date_gmt":"2022-06-29T09:16:03","guid":{"rendered":"https:\/\/agora.xtec.cat\/ceiplesfonts\/?p=1427"},"modified":"2022-07-07T00:42:11","modified_gmt":"2022-07-06T22:42:11","slug":"concert-4cordes-5e-el-petit-princep","status":"publish","type":"post","link":"https:\/\/agora.xtec.cat\/ceiplesfonts\/general\/concert-4cordes-5e-el-petit-princep\/","title":{"rendered":"CONCERT 4CORDES 5\u00e8 &#8220;EL PETIT PR\u00cdNCEP&#8221;"},"content":{"rendered":"<p>L&#8217;endem\u00e0 del concert El Dof\u00ed i la Lluna, va tenir lloc El Petit Pr\u00edncep,\u00a0 el concert 4Cordes de 5\u00e8 \u00a0al Teatre La Sala d&#8217;Argentona. Es van dur a terme dues representacions, la primera adre\u00e7ada a tots els nens i nenes de l&#8217;escola i la segona a les fam\u00edlies. Vam comptar amb la col\u00b7laboraci\u00f3 d&#8217;actors, actrius i narradors de 6\u00e8 i ens van acompanyar m\u00fasics professionals. El resultat va ser molt emotiu!!<\/p>\n<p>Va ser un espectacle\u00a0 preci\u00f3s del m\u00edtic conte de <b>Antoine de Saint<\/b>&#8211;<b>Exup\u00e9ry <\/b>i basat en el musical &#8220;El Petit Pr\u00edncep&#8221; de Manu Guix. Adaptaci\u00f3 i direcci\u00f3 musical Mar\u00e7al P\u00e0mies i Mariona Ustrell (Musicop).<\/p>\n<p>Agra\u00efments a totes les persones i entitats que ho van fer possible. Ajuntament d&#8217;Argentona, Musicop, AMPA Escola Les Fonts, Equip Teatre La Sala, m\u00fasics (Aleix Burgu\u00e9s: bateria, Claudia Garc\u00eda-Albea: viol\u00ed solista, Mar\u00e7al P\u00e0mies: piano, Xavier Dangla: guitarra), Joan Luque (fot\u00f2graf), Escola Bernat de Riudemeia per cedir-nos els seus instruments.<\/p>\n<p>Moltes gr\u00e0cies a tots i totes!!!<\/p>\n<p><iframe loading=\"lazy\" title=\"YouTube video player\" src=\"https:\/\/www.youtube.com\/embed\/54AWIs2vCoI\" width=\"560\" height=\"315\" frameborder=\"0\" allowfullscreen=\"allowfullscreen\"><\/iframe><\/p>\n<p><iframe loading=\"lazy\" width=\"560\" height=\"315\" src=\"https:\/\/www.youtube.com\/embed\/6flLa2SSn3E\" title=\"YouTube video player\" frameborder=\"0\" allow=\"accelerometer; autoplay; clipboard-write; encrypted-media; gyroscope; picture-in-picture\" allowfullscreen><\/iframe><\/p>\n<p><iframe loading=\"lazy\" width=\"560\" height=\"315\" src=\"https:\/\/www.youtube.com\/embed\/NdXVoaCRuQA\" title=\"YouTube video player\" frameborder=\"0\" allow=\"accelerometer; autoplay; clipboard-write; encrypted-media; gyroscope; picture-in-picture\" allowfullscreen><\/iframe><\/p>\n<p><a href=\"https:\/\/agora.xtec.cat\/ceiplesfonts\/wp-content\/uploads\/usu2928\/2022\/02\/Logos-4Cordes-Escola-Les-Fonts.png\"><img loading=\"lazy\" decoding=\"async\" class=\"alignnone size-large wp-image-753\" src=\"https:\/\/agora.xtec.cat\/ceiplesfonts\/wp-content\/uploads\/usu2928\/2022\/02\/Logos-4Cordes-Escola-Les-Fonts-1024x129.png\" alt=\"\" width=\"1024\" height=\"129\" srcset=\"https:\/\/agora.xtec.cat\/ceiplesfonts\/wp-content\/uploads\/usu2928\/2022\/02\/Logos-4Cordes-Escola-Les-Fonts-1024x129.png 1024w, https:\/\/agora.xtec.cat\/ceiplesfonts\/wp-content\/uploads\/usu2928\/2022\/02\/Logos-4Cordes-Escola-Les-Fonts-300x38.png 300w, https:\/\/agora.xtec.cat\/ceiplesfonts\/wp-content\/uploads\/usu2928\/2022\/02\/Logos-4Cordes-Escola-Les-Fonts-768x97.png 768w, https:\/\/agora.xtec.cat\/ceiplesfonts\/wp-content\/uploads\/usu2928\/2022\/02\/Logos-4Cordes-Escola-Les-Fonts-1536x194.png 1536w, https:\/\/agora.xtec.cat\/ceiplesfonts\/wp-content\/uploads\/usu2928\/2022\/02\/Logos-4Cordes-Escola-Les-Fonts-2048x259.png 2048w\" sizes=\"auto, (max-width: 1024px) 100vw, 1024px\" \/><\/a><\/p>\n<p>&nbsp;<\/p>\n<p>&nbsp;<\/p>\n","protected":false},"excerpt":{"rendered":"<p>L&#8217;endem\u00e0 del concert El Dof\u00ed i la Lluna, va tenir lloc El Petit Pr\u00edncep,\u00a0 el concert 4Cordes de 5\u00e8 \u00a0al Teatre La Sala d&#8217;Argentona. Es van dur a terme dues representacions, la primera adre\u00e7ada a tots els nens i nenes de l&#8217;escola i la segona&hellip;  <a href=\"https:\/\/agora.xtec.cat\/ceiplesfonts\/general\/concert-4cordes-5e-el-petit-princep\/\" title=\"Read CONCERT 4CORDES 5\u00e8 &#8220;EL PETIT PR\u00cdNCEP&#8221;\">Llegeix m\u00e9s\u00bb<\/a><\/p>\n","protected":false},"author":1,"featured_media":1428,"comment_status":"closed","ping_status":"closed","sticky":false,"template":"","format":"standard","meta":{"_bbp_topic_count":0,"_bbp_reply_count":0,"_bbp_total_topic_count":0,"_bbp_total_reply_count":0,"_bbp_voice_count":0,"_bbp_anonymous_reply_count":0,"_bbp_topic_count_hidden":0,"_bbp_reply_count_hidden":0,"_bbp_forum_subforum_count":0,"footnotes":""},"categories":[1,4,15,14],"tags":[],"class_list":["post-1427","post","type-post","status-publish","format-standard","has-post-thumbnail","hentry","category-general","category-portada","category-promo22","category-promo-23"],"post_mailing_queue_ids":[],"_links":{"self":[{"href":"https:\/\/agora.xtec.cat\/ceiplesfonts\/wp-json\/wp\/v2\/posts\/1427","targetHints":{"allow":["GET"]}}],"collection":[{"href":"https:\/\/agora.xtec.cat\/ceiplesfonts\/wp-json\/wp\/v2\/posts"}],"about":[{"href":"https:\/\/agora.xtec.cat\/ceiplesfonts\/wp-json\/wp\/v2\/types\/post"}],"author":[{"embeddable":true,"href":"https:\/\/agora.xtec.cat\/ceiplesfonts\/wp-json\/wp\/v2\/users\/1"}],"replies":[{"embeddable":true,"href":"https:\/\/agora.xtec.cat\/ceiplesfonts\/wp-json\/wp\/v2\/comments?post=1427"}],"version-history":[{"count":2,"href":"https:\/\/agora.xtec.cat\/ceiplesfonts\/wp-json\/wp\/v2\/posts\/1427\/revisions"}],"predecessor-version":[{"id":1436,"href":"https:\/\/agora.xtec.cat\/ceiplesfonts\/wp-json\/wp\/v2\/posts\/1427\/revisions\/1436"}],"wp:featuredmedia":[{"embeddable":true,"href":"https:\/\/agora.xtec.cat\/ceiplesfonts\/wp-json\/wp\/v2\/media\/1428"}],"wp:attachment":[{"href":"https:\/\/agora.xtec.cat\/ceiplesfonts\/wp-json\/wp\/v2\/media?parent=1427"}],"wp:term":[{"taxonomy":"category","embeddable":true,"href":"https:\/\/agora.xtec.cat\/ceiplesfonts\/wp-json\/wp\/v2\/categories?post=1427"},{"taxonomy":"post_tag","embeddable":true,"href":"https:\/\/agora.xtec.cat\/ceiplesfonts\/wp-json\/wp\/v2\/tags?post=1427"}],"curies":[{"name":"wp","href":"https:\/\/api.w.org\/{rel}","templated":true}]}}