{"id":1414,"date":"2022-06-29T10:34:41","date_gmt":"2022-06-29T08:34:41","guid":{"rendered":"https:\/\/agora.xtec.cat\/ceiplesfonts\/?p=1414"},"modified":"2022-12-07T13:47:03","modified_gmt":"2022-12-07T12:47:03","slug":"concert-4cordes-3r-i-4t-el-dofi-i-la-lluna","status":"publish","type":"post","link":"https:\/\/agora.xtec.cat\/ceiplesfonts\/general\/concert-4cordes-3r-i-4t-el-dofi-i-la-lluna\/","title":{"rendered":"CONCERT 4CORDES 3r i 4t &#8220;EL DOF\u00cd I LA LLUNA&#8221;"},"content":{"rendered":"<p><a href=\"https:\/\/agora.xtec.cat\/ceiplesfonts\/wp-content\/uploads\/usu2928\/2022\/06\/dofi-i-la-lluna.jpeg\"><img loading=\"lazy\" decoding=\"async\" class=\"wp-image-1420 alignleft\" src=\"https:\/\/agora.xtec.cat\/ceiplesfonts\/wp-content\/uploads\/usu2928\/2022\/06\/dofi-i-la-lluna-723x1024.jpeg\" alt=\"\" width=\"400\" height=\"566\" srcset=\"https:\/\/agora.xtec.cat\/ceiplesfonts\/wp-content\/uploads\/usu2928\/2022\/06\/dofi-i-la-lluna-723x1024.jpeg 723w, https:\/\/agora.xtec.cat\/ceiplesfonts\/wp-content\/uploads\/usu2928\/2022\/06\/dofi-i-la-lluna-212x300.jpeg 212w, https:\/\/agora.xtec.cat\/ceiplesfonts\/wp-content\/uploads\/usu2928\/2022\/06\/dofi-i-la-lluna-768x1087.jpeg 768w, https:\/\/agora.xtec.cat\/ceiplesfonts\/wp-content\/uploads\/usu2928\/2022\/06\/dofi-i-la-lluna-1085x1536.jpeg 1085w, https:\/\/agora.xtec.cat\/ceiplesfonts\/wp-content\/uploads\/usu2928\/2022\/06\/dofi-i-la-lluna.jpeg 1130w\" sizes=\"auto, (max-width: 400px) 100vw, 400px\" \/><\/a>El passat 15 de juny de 2022 els grups de 3r i 4t de l&#8217;escola van realitzar el concert 4Cordes\u00a0 &#8220;<strong>El Dof\u00ed i la Lluna<\/strong>&#8221; al Teatre La Sala d&#8217;Argentona. Es van dur a terme dues representacions, la primera adre\u00e7ada a tots els nens i nenes de l&#8217;escola i la segona a les fam\u00edlies. Vam comptar amb la col\u00b7laboraci\u00f3 de dos narradors de 6\u00e8 i ens van acompanyar m\u00fasics professionals. El resultat va ser espectacular!!! Enhorabona artistes!<\/p>\n<p>Va ser un espectacle\u00a0 preci\u00f3s basat en un conte de Marta Canellas i m\u00fasica de Ferran Badal. Ens parla del desig d\u0092un petit dof\u00ed de tenir la lluna. Quan s\u0092adona que ell sol no pot aconseguir-la, demana ajuda a altres animals marins. Podr\u00e0 descobrir finalment la manera d\u0092arribar-hi? Ens convida a reflexionar sobre el valor de donar sentit a les coses que estimem i fer-nos-les pr\u00f2pies, en un m\u00f3n cada dia m\u00e9s vora\u00e7 i vertigin\u00f3s.<\/p>\n<p>Agra\u00efments a totes les persones i entitats que ho van fer possible. Ajuntament d&#8217;Argentona, Musicop, AMPA Escola Les Fonts, Equip Teatre La Sala, m\u00fasics (Aleix Burgu\u00e9s: bateria, Claudia Garc\u00eda-Albea: viol\u00ed solista, Mar\u00e7al P\u00e0mies: piano, Xavier Dangla: guitarra), Joan Luque (fot\u00f2graf), Escola Bernat de Riudemeia per cedir-nos els seus instruments.<\/p>\n<p>&nbsp;<\/p>\n<p>Moltes gr\u00e0cies a tots i totes!!!<\/p>\n<p>V\u00eddeo 1: Concert Sencer\u00a0 \/\u00a0 V\u00eddeo 2: Recull de fotos (Joan Luque)<\/p>\n<p><iframe loading=\"lazy\" title=\"YouTube video player\" src=\"https:\/\/www.youtube.com\/embed\/8G5IZ2bCWcw\" width=\"560\" height=\"315\" frameborder=\"0\" allowfullscreen=\"allowfullscreen\"><\/iframe><\/p>\n<p><iframe loading=\"lazy\" title=\"YouTube video player\" src=\"https:\/\/www.youtube.com\/embed\/tQc4lg0KQ1M\" width=\"560\" height=\"315\" frameborder=\"0\" allowfullscreen=\"allowfullscreen\"><\/iframe><\/p>\n<p><a href=\"https:\/\/agora.xtec.cat\/ceiplesfonts\/wp-content\/uploads\/usu2928\/2022\/02\/Logos-4Cordes-Escola-Les-Fonts.png\"><img loading=\"lazy\" decoding=\"async\" class=\"alignnone size-large wp-image-753\" src=\"https:\/\/agora.xtec.cat\/ceiplesfonts\/wp-content\/uploads\/usu2928\/2022\/02\/Logos-4Cordes-Escola-Les-Fonts-1024x129.png\" alt=\"\" width=\"1024\" height=\"129\" srcset=\"https:\/\/agora.xtec.cat\/ceiplesfonts\/wp-content\/uploads\/usu2928\/2022\/02\/Logos-4Cordes-Escola-Les-Fonts-1024x129.png 1024w, https:\/\/agora.xtec.cat\/ceiplesfonts\/wp-content\/uploads\/usu2928\/2022\/02\/Logos-4Cordes-Escola-Les-Fonts-300x38.png 300w, https:\/\/agora.xtec.cat\/ceiplesfonts\/wp-content\/uploads\/usu2928\/2022\/02\/Logos-4Cordes-Escola-Les-Fonts-768x97.png 768w, https:\/\/agora.xtec.cat\/ceiplesfonts\/wp-content\/uploads\/usu2928\/2022\/02\/Logos-4Cordes-Escola-Les-Fonts-1536x194.png 1536w, https:\/\/agora.xtec.cat\/ceiplesfonts\/wp-content\/uploads\/usu2928\/2022\/02\/Logos-4Cordes-Escola-Les-Fonts-2048x259.png 2048w\" sizes=\"auto, (max-width: 1024px) 100vw, 1024px\" \/><\/a><\/p>\n<p>&nbsp;<\/p>\n<p>&nbsp;<\/p>\n","protected":false},"excerpt":{"rendered":"<p><a href=\"https:\/\/agora.xtec.cat\/ceiplesfonts\/wp-content\/uploads\/usu2928\/2022\/06\/dofi-i-la-lluna.jpeg\"><\/a>El passat 15 de juny de 2022 els grups de 3r i 4t de l&#8217;escola van realitzar el concert 4Cordes\u00a0 &#8220;El Dof\u00ed i la Lluna&#8221; al Teatre La Sala d&#8217;Argentona. Es van dur a terme dues representacions, la primera adre\u00e7ada a tots els nens&hellip;  <a href=\"https:\/\/agora.xtec.cat\/ceiplesfonts\/general\/concert-4cordes-3r-i-4t-el-dofi-i-la-lluna\/\" title=\"Read CONCERT 4CORDES 3r i 4t &#8220;EL DOF\u00cd I LA LLUNA&#8221;\">Llegeix m\u00e9s\u00bb<\/a><\/p>\n","protected":false},"author":1,"featured_media":1415,"comment_status":"closed","ping_status":"closed","sticky":false,"template":"","format":"standard","meta":{"_bbp_topic_count":0,"_bbp_reply_count":0,"_bbp_total_topic_count":0,"_bbp_total_reply_count":0,"_bbp_voice_count":0,"_bbp_anonymous_reply_count":0,"_bbp_topic_count_hidden":0,"_bbp_reply_count_hidden":0,"_bbp_forum_subforum_count":0,"footnotes":""},"categories":[1,4,13,12],"tags":[],"class_list":["post-1414","post","type-post","status-publish","format-standard","has-post-thumbnail","hentry","category-general","category-portada","category-promo-24","category-promo25"],"post_mailing_queue_ids":[],"_links":{"self":[{"href":"https:\/\/agora.xtec.cat\/ceiplesfonts\/wp-json\/wp\/v2\/posts\/1414","targetHints":{"allow":["GET"]}}],"collection":[{"href":"https:\/\/agora.xtec.cat\/ceiplesfonts\/wp-json\/wp\/v2\/posts"}],"about":[{"href":"https:\/\/agora.xtec.cat\/ceiplesfonts\/wp-json\/wp\/v2\/types\/post"}],"author":[{"embeddable":true,"href":"https:\/\/agora.xtec.cat\/ceiplesfonts\/wp-json\/wp\/v2\/users\/1"}],"replies":[{"embeddable":true,"href":"https:\/\/agora.xtec.cat\/ceiplesfonts\/wp-json\/wp\/v2\/comments?post=1414"}],"version-history":[{"count":4,"href":"https:\/\/agora.xtec.cat\/ceiplesfonts\/wp-json\/wp\/v2\/posts\/1414\/revisions"}],"predecessor-version":[{"id":1426,"href":"https:\/\/agora.xtec.cat\/ceiplesfonts\/wp-json\/wp\/v2\/posts\/1414\/revisions\/1426"}],"wp:featuredmedia":[{"embeddable":true,"href":"https:\/\/agora.xtec.cat\/ceiplesfonts\/wp-json\/wp\/v2\/media\/1415"}],"wp:attachment":[{"href":"https:\/\/agora.xtec.cat\/ceiplesfonts\/wp-json\/wp\/v2\/media?parent=1414"}],"wp:term":[{"taxonomy":"category","embeddable":true,"href":"https:\/\/agora.xtec.cat\/ceiplesfonts\/wp-json\/wp\/v2\/categories?post=1414"},{"taxonomy":"post_tag","embeddable":true,"href":"https:\/\/agora.xtec.cat\/ceiplesfonts\/wp-json\/wp\/v2\/tags?post=1414"}],"curies":[{"name":"wp","href":"https:\/\/api.w.org\/{rel}","templated":true}]}}