{"id":1408,"date":"2022-06-21T09:03:58","date_gmt":"2022-06-21T07:03:58","guid":{"rendered":"https:\/\/agora.xtec.cat\/ceiplesfonts\/?p=1408"},"modified":"2022-06-21T09:05:15","modified_gmt":"2022-06-21T07:05:15","slug":"educacio-fisica-sobre-rodes-2022","status":"publish","type":"post","link":"https:\/\/agora.xtec.cat\/ceiplesfonts\/primaria\/educacio-fisica-sobre-rodes-2022\/","title":{"rendered":"EDUCACI\u00d3 F\u00cdSICA SOBRE RODES 2022"},"content":{"rendered":"<p>Aquestes darreres setmanes de curs els alumnes d&#8217;Educaci\u00f3 Prim\u00e0ria han fet una sessi\u00f3 d\u2019Educaci\u00f3 F\u00edsica sobre rodes. Ha estat una activitat molt engrescadora per a tots\/es.<\/p>\n<p>Aqu\u00ed us deixem un recull d\u2019imatges de les diferents sessions.<\/p>\n<p>Atents a aquests\/es s\u00faper patinadors\/es!<\/p>\n<p><iframe loading=\"lazy\" title=\"EDUCACI\u00d3 F\u00cdSICA SOBRE RODES - EDUCACI\u00d3 PRIM\u00c0RIA. ESCOLA LES FONTS (ARGENTONA) - CURS 2021-2022\" src=\"https:\/\/www.youtube.com\/embed\/eR9qWxtvwrk\" width=\"560\" height=\"360\" frameborder=\"0\"><\/iframe><\/p>\n","protected":false},"excerpt":{"rendered":"<p>Aquestes darreres setmanes de curs els alumnes d&#8217;Educaci\u00f3 Prim\u00e0ria han fet una sessi\u00f3 d\u2019Educaci\u00f3 F\u00edsica sobre rodes. Ha estat una activitat molt engrescadora per a tots\/es.<br \/>\nAqu\u00ed us deixem un recull d\u2019imatges de les diferents sessions.<br \/>\nAtents a aquests\/es s\u00faper patinadors\/es!<\/p>\n","protected":false},"author":21,"featured_media":1410,"comment_status":"closed","ping_status":"closed","sticky":false,"template":"","format":"standard","meta":{"_bbp_topic_count":0,"_bbp_reply_count":0,"_bbp_total_topic_count":0,"_bbp_total_reply_count":0,"_bbp_voice_count":0,"_bbp_anonymous_reply_count":0,"_bbp_topic_count_hidden":0,"_bbp_reply_count_hidden":0,"_bbp_forum_subforum_count":0,"footnotes":""},"categories":[5],"tags":[],"class_list":["post-1408","post","type-post","status-publish","format-standard","has-post-thumbnail","hentry","category-primaria"],"post_mailing_queue_ids":[],"_links":{"self":[{"href":"https:\/\/agora.xtec.cat\/ceiplesfonts\/wp-json\/wp\/v2\/posts\/1408","targetHints":{"allow":["GET"]}}],"collection":[{"href":"https:\/\/agora.xtec.cat\/ceiplesfonts\/wp-json\/wp\/v2\/posts"}],"about":[{"href":"https:\/\/agora.xtec.cat\/ceiplesfonts\/wp-json\/wp\/v2\/types\/post"}],"author":[{"embeddable":true,"href":"https:\/\/agora.xtec.cat\/ceiplesfonts\/wp-json\/wp\/v2\/users\/21"}],"replies":[{"embeddable":true,"href":"https:\/\/agora.xtec.cat\/ceiplesfonts\/wp-json\/wp\/v2\/comments?post=1408"}],"version-history":[{"count":2,"href":"https:\/\/agora.xtec.cat\/ceiplesfonts\/wp-json\/wp\/v2\/posts\/1408\/revisions"}],"predecessor-version":[{"id":1411,"href":"https:\/\/agora.xtec.cat\/ceiplesfonts\/wp-json\/wp\/v2\/posts\/1408\/revisions\/1411"}],"wp:featuredmedia":[{"embeddable":true,"href":"https:\/\/agora.xtec.cat\/ceiplesfonts\/wp-json\/wp\/v2\/media\/1410"}],"wp:attachment":[{"href":"https:\/\/agora.xtec.cat\/ceiplesfonts\/wp-json\/wp\/v2\/media?parent=1408"}],"wp:term":[{"taxonomy":"category","embeddable":true,"href":"https:\/\/agora.xtec.cat\/ceiplesfonts\/wp-json\/wp\/v2\/categories?post=1408"},{"taxonomy":"post_tag","embeddable":true,"href":"https:\/\/agora.xtec.cat\/ceiplesfonts\/wp-json\/wp\/v2\/tags?post=1408"}],"curies":[{"name":"wp","href":"https:\/\/api.w.org\/{rel}","templated":true}]}}