{"id":1383,"date":"2022-06-14T13:12:35","date_gmt":"2022-06-14T11:12:35","guid":{"rendered":"https:\/\/agora.xtec.cat\/ceiplesfonts\/?p=1383"},"modified":"2022-06-15T08:32:40","modified_gmt":"2022-06-15T06:32:40","slug":"pedalada-2022","status":"publish","type":"post","link":"https:\/\/agora.xtec.cat\/ceiplesfonts\/general\/pedalada-2022\/","title":{"rendered":"PEDALADA 2022"},"content":{"rendered":"<p>El passat dissabte 11 de juny, coincidint amb la festa de l&#8217;escola, va tenir lloc la XI Pedalada de l\u2019Escola les Fonts. Un grup nombr\u00f3s de participants vam poder gaudir d&#8217;un mat\u00ed entretingut tot practicant activitat f\u00edsica en fam\u00edlia. Despr\u00e9s de l&#8217;esfor\u00e7, en arribar a l&#8217;escola, l&#8217;AMPA ens va convidar a un tall de s\u00edndria ben fresqueta.<\/p>\n<p>Us adjuntem un recull d\u2019imatges d&#8217;alguns dels moments viscuts.<\/p>\n<p>&nbsp;<iframe loading=\"lazy\" width=\"560\" height=\"360\" src=\"https:\/\/www.youtube.com\/embed\/rju5fjUuHPs\" title=\"YouTube video player\" frameborder=\"0\" allow=\"accelerometer; autoplay; clipboard-write; encrypted-media; gyroscope; picture-in-picture\" allowfullscreen><\/iframe><\/p>\n<p>&nbsp;<\/p>\n","protected":false},"excerpt":{"rendered":"<p>El passat dissabte 11 de juny, coincidint amb la festa de l&#8217;escola, va tenir lloc la XI Pedalada de l\u2019Escola les Fonts. Un grup nombr\u00f3s de participants vam poder gaudir d&#8217;un mat\u00ed entretingut tot practicant activitat f\u00edsica en fam\u00edlia. Despr\u00e9s de l&#8217;esfor\u00e7, en arribar a&hellip;  <a href=\"https:\/\/agora.xtec.cat\/ceiplesfonts\/general\/pedalada-2022\/\" title=\"Read PEDALADA 2022\">Llegeix m\u00e9s\u00bb<\/a><\/p>\n","protected":false},"author":21,"featured_media":1389,"comment_status":"closed","ping_status":"closed","sticky":false,"template":"","format":"standard","meta":{"_bbp_topic_count":0,"_bbp_reply_count":0,"_bbp_total_topic_count":0,"_bbp_total_reply_count":0,"_bbp_voice_count":0,"_bbp_anonymous_reply_count":0,"_bbp_topic_count_hidden":0,"_bbp_reply_count_hidden":0,"_bbp_forum_subforum_count":0,"footnotes":""},"categories":[7,1,4],"tags":[],"class_list":["post-1383","post","type-post","status-publish","format-standard","has-post-thumbnail","hentry","category-afa","category-general","category-portada"],"post_mailing_queue_ids":[],"_links":{"self":[{"href":"https:\/\/agora.xtec.cat\/ceiplesfonts\/wp-json\/wp\/v2\/posts\/1383","targetHints":{"allow":["GET"]}}],"collection":[{"href":"https:\/\/agora.xtec.cat\/ceiplesfonts\/wp-json\/wp\/v2\/posts"}],"about":[{"href":"https:\/\/agora.xtec.cat\/ceiplesfonts\/wp-json\/wp\/v2\/types\/post"}],"author":[{"embeddable":true,"href":"https:\/\/agora.xtec.cat\/ceiplesfonts\/wp-json\/wp\/v2\/users\/21"}],"replies":[{"embeddable":true,"href":"https:\/\/agora.xtec.cat\/ceiplesfonts\/wp-json\/wp\/v2\/comments?post=1383"}],"version-history":[{"count":2,"href":"https:\/\/agora.xtec.cat\/ceiplesfonts\/wp-json\/wp\/v2\/posts\/1383\/revisions"}],"predecessor-version":[{"id":1390,"href":"https:\/\/agora.xtec.cat\/ceiplesfonts\/wp-json\/wp\/v2\/posts\/1383\/revisions\/1390"}],"wp:featuredmedia":[{"embeddable":true,"href":"https:\/\/agora.xtec.cat\/ceiplesfonts\/wp-json\/wp\/v2\/media\/1389"}],"wp:attachment":[{"href":"https:\/\/agora.xtec.cat\/ceiplesfonts\/wp-json\/wp\/v2\/media?parent=1383"}],"wp:term":[{"taxonomy":"category","embeddable":true,"href":"https:\/\/agora.xtec.cat\/ceiplesfonts\/wp-json\/wp\/v2\/categories?post=1383"},{"taxonomy":"post_tag","embeddable":true,"href":"https:\/\/agora.xtec.cat\/ceiplesfonts\/wp-json\/wp\/v2\/tags?post=1383"}],"curies":[{"name":"wp","href":"https:\/\/api.w.org\/{rel}","templated":true}]}}