{"id":1379,"date":"2022-06-12T09:56:06","date_gmt":"2022-06-12T07:56:06","guid":{"rendered":"https:\/\/agora.xtec.cat\/ceiplesfonts\/?p=1379"},"modified":"2022-06-12T09:57:38","modified_gmt":"2022-06-12T07:57:38","slug":"concert-la-clika-2n","status":"publish","type":"post","link":"https:\/\/agora.xtec.cat\/ceiplesfonts\/general\/concert-la-clika-2n\/","title":{"rendered":"CONCERT LA CLIKA 2n"},"content":{"rendered":"<p><iframe loading=\"lazy\" title=\"YouTube video player\" src=\"https:\/\/www.youtube.com\/embed\/QYem17m1JPE\" width=\"560\" height=\"315\" frameborder=\"0\" allowfullscreen=\"allowfullscreen\"><\/iframe><\/p>\n<p>El passat dimecres 8 de juny de 2022 s&#8217;ha celebrat al teatre La Sala el concert final del projecte &#8220;<strong>La Clika<\/strong>&#8220;.<\/p>\n<p>Es tracta d&#8217;una cantata on les lletres parlen de l\u2019amistat i valors universals com l\u2019autoestima, les emocions, l\u2019ecologisme, l\u2019amistat, la cooperaci\u00f3, l\u2019igualtat de g\u00e8nere, l\u2019assetjament, cultura popular\u2026 <strong>La Clika<\/strong> \u00e9s un projecte de Cases de la M\u00fasica i compta amb el suport del departament de Cultura de la\u00a0 Generalitat de Catalunya i les regidories d&#8217;educaci\u00f3 i cultura de\u00a0 l&#8217;Ajuntament d&#8217;Argentona.<\/p>\n<p>En el concert final hi han participat conjuntament els alumnes de 2n de prim\u00e0ria de les quatre escoles del municipi. Durant tot el curs han treballat les can\u00e7ons i les han interpretat amb una banda en directe. El concert ha sigut magn\u00edfic! Enhorabona a tots els nens i nenes i tamb\u00e9 als m\u00fasics! Gr\u00e0cies\u00a0 tamb\u00e9 a totes les persones i institucions que ho han fet possible.<\/p>\n<p><a href=\"https:\/\/agora.xtec.cat\/ceiplesfonts\/wp-content\/uploads\/usu2928\/2022\/02\/logos-la-clika.png\"><img loading=\"lazy\" decoding=\"async\" class=\"alignnone size-large wp-image-783\" src=\"https:\/\/agora.xtec.cat\/ceiplesfonts\/wp-content\/uploads\/usu2928\/2022\/02\/logos-la-clika-1024x130.png\" alt=\"\" width=\"1024\" height=\"130\" srcset=\"https:\/\/agora.xtec.cat\/ceiplesfonts\/wp-content\/uploads\/usu2928\/2022\/02\/logos-la-clika-1024x130.png 1024w, https:\/\/agora.xtec.cat\/ceiplesfonts\/wp-content\/uploads\/usu2928\/2022\/02\/logos-la-clika-300x38.png 300w, https:\/\/agora.xtec.cat\/ceiplesfonts\/wp-content\/uploads\/usu2928\/2022\/02\/logos-la-clika-768x98.png 768w, https:\/\/agora.xtec.cat\/ceiplesfonts\/wp-content\/uploads\/usu2928\/2022\/02\/logos-la-clika-1536x195.png 1536w, https:\/\/agora.xtec.cat\/ceiplesfonts\/wp-content\/uploads\/usu2928\/2022\/02\/logos-la-clika-2048x260.png 2048w\" sizes=\"auto, (max-width: 1024px) 100vw, 1024px\" \/><\/a><\/p>\n","protected":false},"excerpt":{"rendered":"<p>El passat dimecres 8 de juny de 2022 s&#8217;ha celebrat al teatre La Sala el concert final del projecte &#8220;La Clika&#8220;.<br \/>\nEs tracta d&#8217;una cantata on les lletres parlen de l\u2019amistat i valors universals com l\u2019autoestima, les emocions, l\u2019ecologisme, l\u2019amistat, la cooperaci\u00f3, l\u2019igualtat de g\u00e8nere, l\u2019assetjament,&hellip;  <a href=\"https:\/\/agora.xtec.cat\/ceiplesfonts\/general\/concert-la-clika-2n\/\" title=\"Read CONCERT LA CLIKA 2n\">Llegeix m\u00e9s\u00bb<\/a><\/p>\n","protected":false},"author":1,"featured_media":1380,"comment_status":"closed","ping_status":"closed","sticky":false,"template":"","format":"standard","meta":{"_bbp_topic_count":0,"_bbp_reply_count":0,"_bbp_total_topic_count":0,"_bbp_total_reply_count":0,"_bbp_voice_count":0,"_bbp_anonymous_reply_count":0,"_bbp_topic_count_hidden":0,"_bbp_reply_count_hidden":0,"_bbp_forum_subforum_count":0,"footnotes":""},"categories":[11,1,4],"tags":[],"class_list":["post-1379","post","type-post","status-publish","format-standard","has-post-thumbnail","hentry","category-11","category-general","category-portada"],"post_mailing_queue_ids":[],"_links":{"self":[{"href":"https:\/\/agora.xtec.cat\/ceiplesfonts\/wp-json\/wp\/v2\/posts\/1379","targetHints":{"allow":["GET"]}}],"collection":[{"href":"https:\/\/agora.xtec.cat\/ceiplesfonts\/wp-json\/wp\/v2\/posts"}],"about":[{"href":"https:\/\/agora.xtec.cat\/ceiplesfonts\/wp-json\/wp\/v2\/types\/post"}],"author":[{"embeddable":true,"href":"https:\/\/agora.xtec.cat\/ceiplesfonts\/wp-json\/wp\/v2\/users\/1"}],"replies":[{"embeddable":true,"href":"https:\/\/agora.xtec.cat\/ceiplesfonts\/wp-json\/wp\/v2\/comments?post=1379"}],"version-history":[{"count":1,"href":"https:\/\/agora.xtec.cat\/ceiplesfonts\/wp-json\/wp\/v2\/posts\/1379\/revisions"}],"predecessor-version":[{"id":1381,"href":"https:\/\/agora.xtec.cat\/ceiplesfonts\/wp-json\/wp\/v2\/posts\/1379\/revisions\/1381"}],"wp:featuredmedia":[{"embeddable":true,"href":"https:\/\/agora.xtec.cat\/ceiplesfonts\/wp-json\/wp\/v2\/media\/1380"}],"wp:attachment":[{"href":"https:\/\/agora.xtec.cat\/ceiplesfonts\/wp-json\/wp\/v2\/media?parent=1379"}],"wp:term":[{"taxonomy":"category","embeddable":true,"href":"https:\/\/agora.xtec.cat\/ceiplesfonts\/wp-json\/wp\/v2\/categories?post=1379"},{"taxonomy":"post_tag","embeddable":true,"href":"https:\/\/agora.xtec.cat\/ceiplesfonts\/wp-json\/wp\/v2\/tags?post=1379"}],"curies":[{"name":"wp","href":"https:\/\/api.w.org\/{rel}","templated":true}]}}