{"id":1320,"date":"2022-05-25T09:09:36","date_gmt":"2022-05-25T07:09:36","guid":{"rendered":"https:\/\/agora.xtec.cat\/ceiplesfonts\/?p=1320"},"modified":"2022-05-25T09:09:36","modified_gmt":"2022-05-25T07:09:36","slug":"parc-de-les-olors","status":"publish","type":"post","link":"https:\/\/agora.xtec.cat\/ceiplesfonts\/primaria\/5\/parc-de-les-olors\/","title":{"rendered":"PARC DE LES OLORS"},"content":{"rendered":"<p>Els i les alumnes de Primer hem comen\u00e7at el projecte dels sentits i, per treballar-ho m\u00e9s de prop, hem anat al parc de les olors, a Santa Eul\u00e0lia de Ron\u00e7ana.<\/p>\n<p>Ha estat tota una experi\u00e8ncia al voltant de les plantes, coneixent i relacionant diverses olors, gustos i textures a trav\u00e9s d\u2019activitats i jocs.\u00a0Hem conegut diverses plantes arom\u00e0tiques, medicinals i culin\u00e0ries. Hem tocat, olorat i fins i tot tastat alguna planta! Sense gaireb\u00e9 ni adonar-nos hem fet un perfum a les nostres mans.<\/p>\n<p>Tamb\u00e9 hem plantat una planteta, a partir d&#8217;un esqueix, dins d&#8217;un test biodegradable i ens ho hem emportat a casa! Ara toca cuidar-la b\u00e9.<\/p>\n<p>I per \u00faltim, hem gaudit de l\u2019aromater\u00e0pia a trav\u00e9s de l\u2019esp\u00edgol. Hem fet un saquet d\u2019esp\u00edgol per emportar-nos-ho cap a casa per poder-lo utilitzar aprofitant els seus beneficis i gaudint de la seva caracter\u00edstica olor.<\/p>\n<p style=\"text-align: center;\"><iframe loading=\"lazy\" title=\"Parc de les olors\" src=\"https:\/\/player.vimeo.com\/video\/713361998?h=3f7eb9b731&amp;title=0&amp;byline=0&amp;portrait=0&amp;speed=0&amp;badge=0&amp;autopause=0&amp;player_id=0&amp;app_id=58479\" width=\"350\" height=\"622\" frameborder=\"0\"><\/iframe><\/p>\n","protected":false},"excerpt":{"rendered":"<p>Els i les alumnes de Primer hem comen\u00e7at el projecte dels sentits i, per treballar-ho m\u00e9s de prop, hem anat al parc de les olors, a Santa Eul\u00e0lia de Ron\u00e7ana.<br \/>\nHa estat tota una experi\u00e8ncia al voltant de les plantes, coneixent i relacionant diverses olors, gustos&hellip;  <a href=\"https:\/\/agora.xtec.cat\/ceiplesfonts\/primaria\/5\/parc-de-les-olors\/\" title=\"Read PARC DE LES OLORS\">Llegeix m\u00e9s\u00bb<\/a><\/p>\n","protected":false},"author":1,"featured_media":0,"comment_status":"open","ping_status":"closed","sticky":false,"template":"","format":"standard","meta":{"_bbp_topic_count":0,"_bbp_reply_count":0,"_bbp_total_topic_count":0,"_bbp_total_reply_count":0,"_bbp_voice_count":0,"_bbp_anonymous_reply_count":0,"_bbp_topic_count_hidden":0,"_bbp_reply_count_hidden":0,"_bbp_forum_subforum_count":0,"footnotes":""},"categories":[10],"tags":[64],"class_list":["post-1320","post","type-post","status-publish","format-standard","hentry","category-10","tag-primaria"],"post_mailing_queue_ids":[],"_links":{"self":[{"href":"https:\/\/agora.xtec.cat\/ceiplesfonts\/wp-json\/wp\/v2\/posts\/1320","targetHints":{"allow":["GET"]}}],"collection":[{"href":"https:\/\/agora.xtec.cat\/ceiplesfonts\/wp-json\/wp\/v2\/posts"}],"about":[{"href":"https:\/\/agora.xtec.cat\/ceiplesfonts\/wp-json\/wp\/v2\/types\/post"}],"author":[{"embeddable":true,"href":"https:\/\/agora.xtec.cat\/ceiplesfonts\/wp-json\/wp\/v2\/users\/1"}],"replies":[{"embeddable":true,"href":"https:\/\/agora.xtec.cat\/ceiplesfonts\/wp-json\/wp\/v2\/comments?post=1320"}],"version-history":[{"count":3,"href":"https:\/\/agora.xtec.cat\/ceiplesfonts\/wp-json\/wp\/v2\/posts\/1320\/revisions"}],"predecessor-version":[{"id":1342,"href":"https:\/\/agora.xtec.cat\/ceiplesfonts\/wp-json\/wp\/v2\/posts\/1320\/revisions\/1342"}],"wp:attachment":[{"href":"https:\/\/agora.xtec.cat\/ceiplesfonts\/wp-json\/wp\/v2\/media?parent=1320"}],"wp:term":[{"taxonomy":"category","embeddable":true,"href":"https:\/\/agora.xtec.cat\/ceiplesfonts\/wp-json\/wp\/v2\/categories?post=1320"},{"taxonomy":"post_tag","embeddable":true,"href":"https:\/\/agora.xtec.cat\/ceiplesfonts\/wp-json\/wp\/v2\/tags?post=1320"}],"curies":[{"name":"wp","href":"https:\/\/api.w.org\/{rel}","templated":true}]}}