{"id":1309,"date":"2022-05-15T23:23:42","date_gmt":"2022-05-15T21:23:42","guid":{"rendered":"https:\/\/agora.xtec.cat\/ceiplesfonts\/?p=1309"},"modified":"2022-05-15T23:25:11","modified_gmt":"2022-05-15T21:25:11","slug":"cantania-2022-clara-lart-per-dins","status":"publish","type":"post","link":"https:\/\/agora.xtec.cat\/ceiplesfonts\/general\/cantania-2022-clara-lart-per-dins\/","title":{"rendered":"CANT\u00c0NIA 2022 &#8220;CLARA,  L&#8217;ART PER DINS&#8221;"},"content":{"rendered":"<p>El passat dissabte 14 de maig els nens i nenes de 5\u00e8 han realitzat l&#8217;esperat concert de la Cant\u00e0nia 2022 &#8220;Clara, l&#8217;art per dins&#8221; al<br \/>\nTeatre Monumental de Matar\u00f3. Han actuat conjuntament amb les escoles Joan Coromines, Torre Llauder i Cam\u00ed del Mig i plegats han fet un gran espectacle.<br \/>\nMoltes gr\u00e0cies a tothom, persones i institucions que ho han fet possible!!!<br \/>\nAjuntaments de Matar\u00f3 i Argentona, m\u00fasics i personal t\u00e8cnic, l&#8217;equip de l&#8217;Auditori i del Teatre Monumental, escoles, mestres, fam\u00edlies i sobretot als alumnes.<\/p>\n<p>Ha sigut preci\u00f3s! Enhorabona cantaires!<\/p>\n<p><iframe loading=\"lazy\" title=\"YouTube video player\" src=\"https:\/\/www.youtube.com\/embed\/_BI27rbIicA\" width=\"560\" height=\"315\" frameborder=\"0\" allowfullscreen=\"allowfullscreen\"><br \/>\n<\/iframe><\/p>\n<p>CANT\u00c0NIA 2022: Narraci\u00f3: Marc Donat \/ Poemes: Jordi Llavina \/ M\u00fasica: Josep Maria Guix<\/p>\n<p><a href=\"https:\/\/agora.xtec.cat\/ceiplesfonts\/wp-content\/uploads\/usu2928\/2022\/02\/logos-cantania.png\"><img loading=\"lazy\" decoding=\"async\" class=\"alignnone size-large wp-image-788\" src=\"https:\/\/agora.xtec.cat\/ceiplesfonts\/wp-content\/uploads\/usu2928\/2022\/02\/logos-cantania-1024x123.png\" alt=\"\" width=\"1024\" height=\"123\" srcset=\"https:\/\/agora.xtec.cat\/ceiplesfonts\/wp-content\/uploads\/usu2928\/2022\/02\/logos-cantania-1024x123.png 1024w, https:\/\/agora.xtec.cat\/ceiplesfonts\/wp-content\/uploads\/usu2928\/2022\/02\/logos-cantania-300x36.png 300w, https:\/\/agora.xtec.cat\/ceiplesfonts\/wp-content\/uploads\/usu2928\/2022\/02\/logos-cantania-768x92.png 768w, https:\/\/agora.xtec.cat\/ceiplesfonts\/wp-content\/uploads\/usu2928\/2022\/02\/logos-cantania-1536x184.png 1536w, https:\/\/agora.xtec.cat\/ceiplesfonts\/wp-content\/uploads\/usu2928\/2022\/02\/logos-cantania-2048x246.png 2048w\" sizes=\"auto, (max-width: 1024px) 100vw, 1024px\" \/><\/a><\/p>\n","protected":false},"excerpt":{"rendered":"<p>El passat dissabte 14 de maig els nens i nenes de 5\u00e8 han realitzat l&#8217;esperat concert de la Cant\u00e0nia 2022 &#8220;Clara, l&#8217;art per dins&#8221; al<br \/>\nTeatre Monumental de Matar\u00f3. Han actuat conjuntament amb les escoles Joan Coromines, Torre Llauder i Cam\u00ed del Mig i plegats han&hellip;  <a href=\"https:\/\/agora.xtec.cat\/ceiplesfonts\/general\/cantania-2022-clara-lart-per-dins\/\" title=\"Read CANT\u00c0NIA 2022 &#8220;CLARA,  L&#8217;ART PER DINS&#8221;\">Llegeix m\u00e9s\u00bb<\/a><\/p>\n","protected":false},"author":1,"featured_media":1310,"comment_status":"closed","ping_status":"closed","sticky":false,"template":"","format":"standard","meta":{"_bbp_topic_count":0,"_bbp_reply_count":0,"_bbp_total_topic_count":0,"_bbp_total_reply_count":0,"_bbp_voice_count":0,"_bbp_anonymous_reply_count":0,"_bbp_topic_count_hidden":0,"_bbp_reply_count_hidden":0,"_bbp_forum_subforum_count":0,"footnotes":""},"categories":[1,4,14],"tags":[],"class_list":["post-1309","post","type-post","status-publish","format-standard","has-post-thumbnail","hentry","category-general","category-portada","category-promo-23"],"post_mailing_queue_ids":[],"_links":{"self":[{"href":"https:\/\/agora.xtec.cat\/ceiplesfonts\/wp-json\/wp\/v2\/posts\/1309","targetHints":{"allow":["GET"]}}],"collection":[{"href":"https:\/\/agora.xtec.cat\/ceiplesfonts\/wp-json\/wp\/v2\/posts"}],"about":[{"href":"https:\/\/agora.xtec.cat\/ceiplesfonts\/wp-json\/wp\/v2\/types\/post"}],"author":[{"embeddable":true,"href":"https:\/\/agora.xtec.cat\/ceiplesfonts\/wp-json\/wp\/v2\/users\/1"}],"replies":[{"embeddable":true,"href":"https:\/\/agora.xtec.cat\/ceiplesfonts\/wp-json\/wp\/v2\/comments?post=1309"}],"version-history":[{"count":3,"href":"https:\/\/agora.xtec.cat\/ceiplesfonts\/wp-json\/wp\/v2\/posts\/1309\/revisions"}],"predecessor-version":[{"id":1313,"href":"https:\/\/agora.xtec.cat\/ceiplesfonts\/wp-json\/wp\/v2\/posts\/1309\/revisions\/1313"}],"wp:featuredmedia":[{"embeddable":true,"href":"https:\/\/agora.xtec.cat\/ceiplesfonts\/wp-json\/wp\/v2\/media\/1310"}],"wp:attachment":[{"href":"https:\/\/agora.xtec.cat\/ceiplesfonts\/wp-json\/wp\/v2\/media?parent=1309"}],"wp:term":[{"taxonomy":"category","embeddable":true,"href":"https:\/\/agora.xtec.cat\/ceiplesfonts\/wp-json\/wp\/v2\/categories?post=1309"},{"taxonomy":"post_tag","embeddable":true,"href":"https:\/\/agora.xtec.cat\/ceiplesfonts\/wp-json\/wp\/v2\/tags?post=1309"}],"curies":[{"name":"wp","href":"https:\/\/api.w.org\/{rel}","templated":true}]}}