{"id":1290,"date":"2022-05-11T07:05:18","date_gmt":"2022-05-11T05:05:18","guid":{"rendered":"https:\/\/agora.xtec.cat\/ceiplesfonts\/?p=1290"},"modified":"2022-05-11T07:05:34","modified_gmt":"2022-05-11T05:05:34","slug":"sortida-fundacio-mona-5e","status":"publish","type":"post","link":"https:\/\/agora.xtec.cat\/ceiplesfonts\/primaria\/sortida-fundacio-mona-5e\/","title":{"rendered":"SORTIDA FUNDACI\u00d3 MONA 5\u00e8"},"content":{"rendered":"<p>L\u2019alumnat de cinqu\u00e8 ha visitat la Fundaci\u00f3 Mona, un centre de rehabilitaci\u00f3 de primats. En aquest recinte els rehabiliten tant f\u00edsicament com mentalment i els ofereixen un lloc per viure.<br \/>\nL&#8217; objectiu de la sortida era fomentar en l\u2019alumnat els valors de respecte i empatia cap als animals i l&#8217;entorn natural.  A continuaci\u00f3, podeu veure un petit recull d&#8217;imatges d\u2019aquesta jornada.<\/p>\n<p><iframe loading=\"lazy\" width=\"560\" height=\"315\" src=\"https:\/\/www.youtube.com\/embed\/05oMziggDYA\" title=\"YouTube video player\" frameborder=\"0\" allow=\"accelerometer; autoplay; clipboard-write; encrypted-media; gyroscope; picture-in-picture\" allowfullscreen><\/iframe><\/p>\n","protected":false},"excerpt":{"rendered":"<p>L\u2019alumnat de cinqu\u00e8 ha visitat la Fundaci\u00f3 Mona, un centre de rehabilitaci\u00f3 de primats. En aquest recinte els rehabiliten tant f\u00edsicament com mentalment i els ofereixen un lloc per viure.<br \/>\nL&#8217; objectiu de la sortida era fomentar en l\u2019alumnat els valors de respecte i empatia cap&hellip;  <a href=\"https:\/\/agora.xtec.cat\/ceiplesfonts\/primaria\/sortida-fundacio-mona-5e\/\" title=\"Read SORTIDA FUNDACI\u00d3 MONA 5\u00e8\">Llegeix m\u00e9s\u00bb<\/a><\/p>\n","protected":false},"author":1,"featured_media":1291,"comment_status":"closed","ping_status":"closed","sticky":false,"template":"","format":"standard","meta":{"_bbp_topic_count":0,"_bbp_reply_count":0,"_bbp_total_topic_count":0,"_bbp_total_reply_count":0,"_bbp_voice_count":0,"_bbp_anonymous_reply_count":0,"_bbp_topic_count_hidden":0,"_bbp_reply_count_hidden":0,"_bbp_forum_subforum_count":0,"footnotes":""},"categories":[5,14],"tags":[],"class_list":["post-1290","post","type-post","status-publish","format-standard","has-post-thumbnail","hentry","category-primaria","category-promo-23"],"post_mailing_queue_ids":[],"_links":{"self":[{"href":"https:\/\/agora.xtec.cat\/ceiplesfonts\/wp-json\/wp\/v2\/posts\/1290","targetHints":{"allow":["GET"]}}],"collection":[{"href":"https:\/\/agora.xtec.cat\/ceiplesfonts\/wp-json\/wp\/v2\/posts"}],"about":[{"href":"https:\/\/agora.xtec.cat\/ceiplesfonts\/wp-json\/wp\/v2\/types\/post"}],"author":[{"embeddable":true,"href":"https:\/\/agora.xtec.cat\/ceiplesfonts\/wp-json\/wp\/v2\/users\/1"}],"replies":[{"embeddable":true,"href":"https:\/\/agora.xtec.cat\/ceiplesfonts\/wp-json\/wp\/v2\/comments?post=1290"}],"version-history":[{"count":1,"href":"https:\/\/agora.xtec.cat\/ceiplesfonts\/wp-json\/wp\/v2\/posts\/1290\/revisions"}],"predecessor-version":[{"id":1292,"href":"https:\/\/agora.xtec.cat\/ceiplesfonts\/wp-json\/wp\/v2\/posts\/1290\/revisions\/1292"}],"wp:featuredmedia":[{"embeddable":true,"href":"https:\/\/agora.xtec.cat\/ceiplesfonts\/wp-json\/wp\/v2\/media\/1291"}],"wp:attachment":[{"href":"https:\/\/agora.xtec.cat\/ceiplesfonts\/wp-json\/wp\/v2\/media?parent=1290"}],"wp:term":[{"taxonomy":"category","embeddable":true,"href":"https:\/\/agora.xtec.cat\/ceiplesfonts\/wp-json\/wp\/v2\/categories?post=1290"},{"taxonomy":"post_tag","embeddable":true,"href":"https:\/\/agora.xtec.cat\/ceiplesfonts\/wp-json\/wp\/v2\/tags?post=1290"}],"curies":[{"name":"wp","href":"https:\/\/api.w.org\/{rel}","templated":true}]}}