{"id":1265,"date":"2022-04-29T09:51:16","date_gmt":"2022-04-29T07:51:16","guid":{"rendered":"https:\/\/agora.xtec.cat\/ceiplesfonts\/?p=1265"},"modified":"2022-04-29T09:52:05","modified_gmt":"2022-04-29T07:52:05","slug":"el-drac-de-6e","status":"publish","type":"post","link":"https:\/\/agora.xtec.cat\/ceiplesfonts\/promocions\/promo22\/el-drac-de-6e\/","title":{"rendered":"EL DRAC DE 6\u00e8"},"content":{"rendered":"<p>Els nens i nenes de les classes de 6\u00e8 han realitzat un drac per Sant Jordi. I l&#8217;hem ubicat en el sostre del nostre passad\u00eds. Mireu com ens ha quedat!<\/p>\n<p><a href=\"https:\/\/agora.xtec.cat\/ceiplesfonts\/wp-content\/uploads\/usu2928\/2022\/04\/drac.png\"><img loading=\"lazy\" decoding=\"async\" class=\"alignnone size-full wp-image-1266\" src=\"https:\/\/agora.xtec.cat\/ceiplesfonts\/wp-content\/uploads\/usu2928\/2022\/04\/drac.png\" alt=\"\" width=\"747\" height=\"593\" srcset=\"https:\/\/agora.xtec.cat\/ceiplesfonts\/wp-content\/uploads\/usu2928\/2022\/04\/drac.png 747w, https:\/\/agora.xtec.cat\/ceiplesfonts\/wp-content\/uploads\/usu2928\/2022\/04\/drac-300x238.png 300w\" sizes=\"auto, (max-width: 747px) 100vw, 747px\" \/><\/a><\/p>\n<p>IMPRESSIONA, OI?<\/p>\n","protected":false},"excerpt":{"rendered":"<p>Els nens i nenes de les classes de 6\u00e8 han realitzat un drac per Sant Jordi. I l&#8217;hem ubicat en el sostre del nostre passad\u00eds. Mireu com ens ha quedat!<br \/>\n<a href=\"https:\/\/agora.xtec.cat\/ceiplesfonts\/wp-content\/uploads\/usu2928\/2022\/04\/drac.png\"><\/a><br \/>\nIMPRESSIONA, OI?<\/p>\n","protected":false},"author":1,"featured_media":0,"comment_status":"closed","ping_status":"closed","sticky":false,"template":"","format":"standard","meta":{"_bbp_topic_count":0,"_bbp_reply_count":0,"_bbp_total_topic_count":0,"_bbp_total_reply_count":0,"_bbp_voice_count":0,"_bbp_anonymous_reply_count":0,"_bbp_topic_count_hidden":0,"_bbp_reply_count_hidden":0,"_bbp_forum_subforum_count":0,"footnotes":""},"categories":[15],"tags":[63,64],"class_list":["post-1265","post","type-post","status-publish","format-standard","hentry","category-promo22","tag-festes","tag-primaria"],"post_mailing_queue_ids":[],"_links":{"self":[{"href":"https:\/\/agora.xtec.cat\/ceiplesfonts\/wp-json\/wp\/v2\/posts\/1265","targetHints":{"allow":["GET"]}}],"collection":[{"href":"https:\/\/agora.xtec.cat\/ceiplesfonts\/wp-json\/wp\/v2\/posts"}],"about":[{"href":"https:\/\/agora.xtec.cat\/ceiplesfonts\/wp-json\/wp\/v2\/types\/post"}],"author":[{"embeddable":true,"href":"https:\/\/agora.xtec.cat\/ceiplesfonts\/wp-json\/wp\/v2\/users\/1"}],"replies":[{"embeddable":true,"href":"https:\/\/agora.xtec.cat\/ceiplesfonts\/wp-json\/wp\/v2\/comments?post=1265"}],"version-history":[{"count":2,"href":"https:\/\/agora.xtec.cat\/ceiplesfonts\/wp-json\/wp\/v2\/posts\/1265\/revisions"}],"predecessor-version":[{"id":1268,"href":"https:\/\/agora.xtec.cat\/ceiplesfonts\/wp-json\/wp\/v2\/posts\/1265\/revisions\/1268"}],"wp:attachment":[{"href":"https:\/\/agora.xtec.cat\/ceiplesfonts\/wp-json\/wp\/v2\/media?parent=1265"}],"wp:term":[{"taxonomy":"category","embeddable":true,"href":"https:\/\/agora.xtec.cat\/ceiplesfonts\/wp-json\/wp\/v2\/categories?post=1265"},{"taxonomy":"post_tag","embeddable":true,"href":"https:\/\/agora.xtec.cat\/ceiplesfonts\/wp-json\/wp\/v2\/tags?post=1265"}],"curies":[{"name":"wp","href":"https:\/\/api.w.org\/{rel}","templated":true}]}}