{"id":1259,"date":"2022-04-27T12:51:52","date_gmt":"2022-04-27T10:51:52","guid":{"rendered":"https:\/\/agora.xtec.cat\/ceiplesfonts\/?p=1259"},"modified":"2022-06-15T08:33:29","modified_gmt":"2022-06-15T06:33:29","slug":"sant-jordi-21-22","status":"publish","type":"post","link":"https:\/\/agora.xtec.cat\/ceiplesfonts\/general\/sant-jordi-21-22\/","title":{"rendered":"SANT JORDI 21-22"},"content":{"rendered":"<p>Sant Jordi, la festa del llibre i de la rosa, \u00e9s tamb\u00e9 una gran festa a l\u2019escola.<\/p>\n<p>Durant tota la setmana, els i les alumnes de Les Fonts van celebrar la festa de Sant Jordi amb un munt d\u2019activitats.<\/p>\n<p>Tots els nens i nenes, des de P3 fins a 6\u00e8, van realitzar diversos tallers, tamb\u00e9 van fer punts de llibre solidaris, vam sortir tots al pati per celebrar els Jocs Florals, van venir fam\u00edlies i mestres a fer de &#8220;conta-contes&#8221; i per acabar vam fer l\u2019intercanvi de llibres. Ens ho vam passar d&#8217;all\u00f2 m\u00e9s b\u00e9!<\/p>\n<p>A continuaci\u00f3 podreu veure un recull d&#8217;imatges de la festa.<\/p>\n<p><iframe loading=\"lazy\" width=\"560\" height=\"315\" src=\"https:\/\/www.youtube.com\/embed\/U4vxYgU-ulk\" title=\"YouTube video player\" frameborder=\"0\" allow=\"accelerometer; autoplay; clipboard-write; encrypted-media; gyroscope; picture-in-picture\" allowfullscreen><\/iframe><\/p>\n<p><iframe loading=\"lazy\" width=\"560\" height=\"315\" src=\"https:\/\/www.youtube.com\/embed\/yrqlUP9TLyA\" title=\"YouTube video player\" frameborder=\"0\" allow=\"accelerometer; autoplay; clipboard-write; encrypted-media; gyroscope; picture-in-picture\" allowfullscreen><\/iframe><\/p>\n","protected":false},"excerpt":{"rendered":"<p>Sant Jordi, la festa del llibre i de la rosa, \u00e9s tamb\u00e9 una gran festa a l\u2019escola.<br \/>\nDurant tota la setmana, els i les alumnes de Les Fonts van celebrar la festa de Sant Jordi amb un munt d\u2019activitats.<br \/>\nTots els nens i nenes, des de P3&hellip;  <a href=\"https:\/\/agora.xtec.cat\/ceiplesfonts\/general\/sant-jordi-21-22\/\" title=\"Read SANT JORDI 21-22\">Llegeix m\u00e9s\u00bb<\/a><\/p>\n","protected":false},"author":1,"featured_media":1262,"comment_status":"closed","ping_status":"closed","sticky":false,"template":"","format":"standard","meta":{"_bbp_topic_count":0,"_bbp_reply_count":0,"_bbp_total_topic_count":0,"_bbp_total_reply_count":0,"_bbp_voice_count":0,"_bbp_anonymous_reply_count":0,"_bbp_topic_count_hidden":0,"_bbp_reply_count_hidden":0,"_bbp_forum_subforum_count":0,"footnotes":""},"categories":[1,4],"tags":[63,65,64],"class_list":["post-1259","post","type-post","status-publish","format-standard","has-post-thumbnail","hentry","category-general","category-portada","tag-festes","tag-infantil","tag-primaria"],"post_mailing_queue_ids":[],"_links":{"self":[{"href":"https:\/\/agora.xtec.cat\/ceiplesfonts\/wp-json\/wp\/v2\/posts\/1259","targetHints":{"allow":["GET"]}}],"collection":[{"href":"https:\/\/agora.xtec.cat\/ceiplesfonts\/wp-json\/wp\/v2\/posts"}],"about":[{"href":"https:\/\/agora.xtec.cat\/ceiplesfonts\/wp-json\/wp\/v2\/types\/post"}],"author":[{"embeddable":true,"href":"https:\/\/agora.xtec.cat\/ceiplesfonts\/wp-json\/wp\/v2\/users\/1"}],"replies":[{"embeddable":true,"href":"https:\/\/agora.xtec.cat\/ceiplesfonts\/wp-json\/wp\/v2\/comments?post=1259"}],"version-history":[{"count":2,"href":"https:\/\/agora.xtec.cat\/ceiplesfonts\/wp-json\/wp\/v2\/posts\/1259\/revisions"}],"predecessor-version":[{"id":1263,"href":"https:\/\/agora.xtec.cat\/ceiplesfonts\/wp-json\/wp\/v2\/posts\/1259\/revisions\/1263"}],"wp:featuredmedia":[{"embeddable":true,"href":"https:\/\/agora.xtec.cat\/ceiplesfonts\/wp-json\/wp\/v2\/media\/1262"}],"wp:attachment":[{"href":"https:\/\/agora.xtec.cat\/ceiplesfonts\/wp-json\/wp\/v2\/media?parent=1259"}],"wp:term":[{"taxonomy":"category","embeddable":true,"href":"https:\/\/agora.xtec.cat\/ceiplesfonts\/wp-json\/wp\/v2\/categories?post=1259"},{"taxonomy":"post_tag","embeddable":true,"href":"https:\/\/agora.xtec.cat\/ceiplesfonts\/wp-json\/wp\/v2\/tags?post=1259"}],"curies":[{"name":"wp","href":"https:\/\/api.w.org\/{rel}","templated":true}]}}