{"id":1231,"date":"2022-04-17T21:08:24","date_gmt":"2022-04-17T19:08:24","guid":{"rendered":"https:\/\/agora.xtec.cat\/ceiplesfonts\/?p=1231"},"modified":"2022-04-17T21:13:48","modified_gmt":"2022-04-17T19:13:48","slug":"estrenem-videoclip-ja-surt-el-sol-4t","status":"publish","type":"post","link":"https:\/\/agora.xtec.cat\/ceiplesfonts\/general\/estrenem-videoclip-ja-surt-el-sol-4t\/","title":{"rendered":"ESTRENEM VIDEOCLIP! JA SURT EL SOL \/ HERE COMES THE SUN (Alumnes de 4t)"},"content":{"rendered":"<div style=\"padding: 56.25% 0 0 0; position: relative;\"><iframe style=\"position: absolute; top: 0; left: 0; width: 100%; height: 100%;\" title=\"JA SURT EL SOL \/ HERE COMES THE SUN Alumnes de 4t Escola Les Fonts (Argentona)\" src=\"https:\/\/player.vimeo.com\/video\/699079213?h=a2e86e0440&amp;badge=0&amp;autopause=0&amp;player_id=0&amp;app_id=58479\" frameborder=\"0\" allowfullscreen=\"allowfullscreen\"><\/iframe><script src=\"https:\/\/player.vimeo.com\/api\/player.js\"><\/script><\/div>\n<p><strong>Ja surt el Sol<\/strong><br \/>\nEls alumnes de 4t de l&#8217;Escola Les Fonts presenten &#8220;JA SURT EL SOL&#8221;. Una versi\u00f3 en catal\u00e0 del m\u00edtic tema &#8220;Here Comes The Sun&#8221; de George Harrison (The Beatles) dins del projecte realitzat conjuntament amb el Camp d&#8217;Aprenentage Pau Casals (El Vendrell). <\/p>\n<p>L&#8217;Audio va ser enregistrat els dies 1, 2, 3 i 4 de mar\u00e7 de  2022 als estudis del  CdA Pau Casals per David Melgar.  L&#8217;Edici\u00f3 i gravaci\u00f3 de v\u00eddeo l&#8217;ha dut a terme en Xavier Dangla amb la col\u00b7laboraci\u00f3 especial de Joan Luque, pare de l&#8217;escola, en l&#8217;enregistrament de la sortida del Sol a Argentona. Tot plegat, un treball interdisciplinar a partir de les idees que van sorgir dels alumnes. Esperem que us agradi!!!<\/p>\n","protected":false},"excerpt":{"rendered":"<p>Ja surt el Sol<br \/>\nEls alumnes de 4t de l&#8217;Escola Les Fonts presenten &#8220;JA SURT EL SOL&#8221;. Una versi\u00f3 en catal\u00e0 del m\u00edtic tema &#8220;Here Comes The Sun&#8221; de George Harrison (The Beatles) dins del projecte realitzat conjuntament amb el Camp d&#8217;Aprenentage Pau Casals (El Vendrell).&hellip;  <a href=\"https:\/\/agora.xtec.cat\/ceiplesfonts\/general\/estrenem-videoclip-ja-surt-el-sol-4t\/\" title=\"Read ESTRENEM VIDEOCLIP! JA SURT EL SOL \/ HERE COMES THE SUN (Alumnes de 4t)\">Llegeix m\u00e9s\u00bb<\/a><\/p>\n","protected":false},"author":1,"featured_media":1232,"comment_status":"open","ping_status":"closed","sticky":false,"template":"","format":"standard","meta":{"_bbp_topic_count":0,"_bbp_reply_count":0,"_bbp_total_topic_count":0,"_bbp_total_reply_count":0,"_bbp_voice_count":0,"_bbp_anonymous_reply_count":0,"_bbp_topic_count_hidden":0,"_bbp_reply_count_hidden":0,"_bbp_forum_subforum_count":0,"footnotes":""},"categories":[1,4,13],"tags":[],"class_list":["post-1231","post","type-post","status-publish","format-standard","has-post-thumbnail","hentry","category-general","category-portada","category-promo-24"],"post_mailing_queue_ids":[],"_links":{"self":[{"href":"https:\/\/agora.xtec.cat\/ceiplesfonts\/wp-json\/wp\/v2\/posts\/1231","targetHints":{"allow":["GET"]}}],"collection":[{"href":"https:\/\/agora.xtec.cat\/ceiplesfonts\/wp-json\/wp\/v2\/posts"}],"about":[{"href":"https:\/\/agora.xtec.cat\/ceiplesfonts\/wp-json\/wp\/v2\/types\/post"}],"author":[{"embeddable":true,"href":"https:\/\/agora.xtec.cat\/ceiplesfonts\/wp-json\/wp\/v2\/users\/1"}],"replies":[{"embeddable":true,"href":"https:\/\/agora.xtec.cat\/ceiplesfonts\/wp-json\/wp\/v2\/comments?post=1231"}],"version-history":[{"count":3,"href":"https:\/\/agora.xtec.cat\/ceiplesfonts\/wp-json\/wp\/v2\/posts\/1231\/revisions"}],"predecessor-version":[{"id":1237,"href":"https:\/\/agora.xtec.cat\/ceiplesfonts\/wp-json\/wp\/v2\/posts\/1231\/revisions\/1237"}],"wp:featuredmedia":[{"embeddable":true,"href":"https:\/\/agora.xtec.cat\/ceiplesfonts\/wp-json\/wp\/v2\/media\/1232"}],"wp:attachment":[{"href":"https:\/\/agora.xtec.cat\/ceiplesfonts\/wp-json\/wp\/v2\/media?parent=1231"}],"wp:term":[{"taxonomy":"category","embeddable":true,"href":"https:\/\/agora.xtec.cat\/ceiplesfonts\/wp-json\/wp\/v2\/categories?post=1231"},{"taxonomy":"post_tag","embeddable":true,"href":"https:\/\/agora.xtec.cat\/ceiplesfonts\/wp-json\/wp\/v2\/tags?post=1231"}],"curies":[{"name":"wp","href":"https:\/\/api.w.org\/{rel}","templated":true}]}}