{"id":1056,"date":"2022-02-23T16:06:53","date_gmt":"2022-02-23T15:06:53","guid":{"rendered":"https:\/\/agora.xtec.cat\/ceiplesfonts\/?p=1056"},"modified":"2022-02-23T16:06:53","modified_gmt":"2022-02-23T15:06:53","slug":"projecte-el-surrealisme","status":"publish","type":"post","link":"https:\/\/agora.xtec.cat\/ceiplesfonts\/primaria\/6\/projecte-el-surrealisme\/","title":{"rendered":"PROJECTE: EL SURREALISME"},"content":{"rendered":"<p>Durant les darreres setmanes els infants de 2n s&#8217;han apropat al fascinant m\u00f3n del surrealisme de la m\u00e0 del gran artista Salvador Dal\u00ed.<\/p>\n<p>Per molts, Salvador Dal\u00ed \u00e9s l&#8217;artista que millor personifica el surrealisme. No nom\u00e9s a trav\u00e9s de la seva pintura, sin\u00f3 de tot el seu personatge: els gestos, les declaracions, les cont\u00ednues extravag\u00e0ncies, la seva vida&#8230;<\/p>\n<p>El surrealisme barreja en les seves obres somnis, realitats i fantasies, creant atmosferes m\u00e0giques i al\u00b7lucinants.<\/p>\n<p><iframe loading=\"lazy\" title=\"YouTube video player\" src=\"https:\/\/www.youtube.com\/embed\/2ofxz6Td5HY\" width=\"560\" height=\"315\" frameborder=\"0\"><\/iframe><\/p>\n","protected":false},"excerpt":{"rendered":"<p>Durant les darreres setmanes els infants de 2n s&#8217;han apropat al fascinant m\u00f3n del surrealisme de la m\u00e0 del gran artista Salvador Dal\u00ed.<br \/>\nPer molts, Salvador Dal\u00ed \u00e9s l&#8217;artista que millor personifica el surrealisme. No nom\u00e9s a trav\u00e9s de la seva pintura, sin\u00f3 de tot el&hellip;  <a href=\"https:\/\/agora.xtec.cat\/ceiplesfonts\/primaria\/6\/projecte-el-surrealisme\/\" title=\"Read PROJECTE: EL SURREALISME\">Llegeix m\u00e9s\u00bb<\/a><\/p>\n","protected":false},"author":1,"featured_media":1062,"comment_status":"open","ping_status":"closed","sticky":false,"template":"","format":"standard","meta":{"_bbp_topic_count":0,"_bbp_reply_count":0,"_bbp_total_topic_count":0,"_bbp_total_reply_count":0,"_bbp_voice_count":0,"_bbp_anonymous_reply_count":0,"_bbp_topic_count_hidden":0,"_bbp_reply_count_hidden":0,"_bbp_forum_subforum_count":0,"footnotes":""},"categories":[11],"tags":[64],"class_list":["post-1056","post","type-post","status-publish","format-standard","has-post-thumbnail","hentry","category-11","tag-primaria"],"post_mailing_queue_ids":[],"_links":{"self":[{"href":"https:\/\/agora.xtec.cat\/ceiplesfonts\/wp-json\/wp\/v2\/posts\/1056","targetHints":{"allow":["GET"]}}],"collection":[{"href":"https:\/\/agora.xtec.cat\/ceiplesfonts\/wp-json\/wp\/v2\/posts"}],"about":[{"href":"https:\/\/agora.xtec.cat\/ceiplesfonts\/wp-json\/wp\/v2\/types\/post"}],"author":[{"embeddable":true,"href":"https:\/\/agora.xtec.cat\/ceiplesfonts\/wp-json\/wp\/v2\/users\/1"}],"replies":[{"embeddable":true,"href":"https:\/\/agora.xtec.cat\/ceiplesfonts\/wp-json\/wp\/v2\/comments?post=1056"}],"version-history":[{"count":3,"href":"https:\/\/agora.xtec.cat\/ceiplesfonts\/wp-json\/wp\/v2\/posts\/1056\/revisions"}],"predecessor-version":[{"id":1061,"href":"https:\/\/agora.xtec.cat\/ceiplesfonts\/wp-json\/wp\/v2\/posts\/1056\/revisions\/1061"}],"wp:featuredmedia":[{"embeddable":true,"href":"https:\/\/agora.xtec.cat\/ceiplesfonts\/wp-json\/wp\/v2\/media\/1062"}],"wp:attachment":[{"href":"https:\/\/agora.xtec.cat\/ceiplesfonts\/wp-json\/wp\/v2\/media?parent=1056"}],"wp:term":[{"taxonomy":"category","embeddable":true,"href":"https:\/\/agora.xtec.cat\/ceiplesfonts\/wp-json\/wp\/v2\/categories?post=1056"},{"taxonomy":"post_tag","embeddable":true,"href":"https:\/\/agora.xtec.cat\/ceiplesfonts\/wp-json\/wp\/v2\/tags?post=1056"}],"curies":[{"name":"wp","href":"https:\/\/api.w.org\/{rel}","templated":true}]}}