{"id":5958,"date":"2025-12-16T15:05:02","date_gmt":"2025-12-16T14:05:02","guid":{"rendered":"https:\/\/agora.xtec.cat\/ceiplesescolesdegurb\/?p=5958"},"modified":"2025-12-16T15:06:10","modified_gmt":"2025-12-16T14:06:10","slug":"fem-escola-comunitat-grans","status":"publish","type":"post","link":"https:\/\/agora.xtec.cat\/ceiplesescolesdegurb\/general\/fem-escola-comunitat-grans\/","title":{"rendered":"Fem Escola!"},"content":{"rendered":"<p data-start=\"62\" data-end=\"328\"><img loading=\"lazy\" decoding=\"async\" class=\"alignleft wp-image-5960\" src=\"https:\/\/agora.xtec.cat\/ceiplesescolesdegurb\/wp-content\/uploads\/usu970\/2025\/12\/Mida-web.png\" alt=\"\" width=\"350\" height=\"350\" srcset=\"https:\/\/agora.xtec.cat\/ceiplesescolesdegurb\/wp-content\/uploads\/usu970\/2025\/12\/Mida-web.png 1080w, https:\/\/agora.xtec.cat\/ceiplesescolesdegurb\/wp-content\/uploads\/usu970\/2025\/12\/Mida-web-300x300.png 300w, https:\/\/agora.xtec.cat\/ceiplesescolesdegurb\/wp-content\/uploads\/usu970\/2025\/12\/Mida-web-1024x1024.png 1024w, https:\/\/agora.xtec.cat\/ceiplesescolesdegurb\/wp-content\/uploads\/usu970\/2025\/12\/Mida-web-150x150.png 150w, https:\/\/agora.xtec.cat\/ceiplesescolesdegurb\/wp-content\/uploads\/usu970\/2025\/12\/Mida-web-768x768.png 768w\" sizes=\"auto, (max-width: 350px) 100vw, 350px\" \/><\/p>\n<p data-start=\"62\" data-end=\"328\">El dimecres 26 de novembre a la tarda <!--more-->vam dur a terme la primera activitat de Fem Escola amb la Comunitat de Grans.<\/p>\n<p data-start=\"62\" data-end=\"328\">Aquesta iniciativa t\u00e9 com a objectiu fomentar la responsabilitat, la cura dels espais comuns i el sentiment de pertinen\u00e7a a l\u2019escola.<\/p>\n<p data-start=\"514\" data-end=\"652\">Durant aquesta jornada, l\u2019alumnat va participar en diferents tasques de millora i manteniment dels espais escolars, entre les quals hi ha: r<span style=\"font-family: inherit; font-size: 1em;\">ecollir papers del <\/span>pati, mantenir la cuineta neta, revisar les joguines i els objectes de la cuineta, escombrar la pista i treure de la caixa d\u2019objectes perduts totes aquelles peces que ja tenen nom.<\/p>\n<p data-start=\"1212\" data-end=\"1391\" data-is-last-node=\"\" data-is-only-node=\"\">Ens ho vam passar d&#8217;all\u00f2 m\u00e9s b\u00e9! Les fam\u00edlies de la Comunitat de Grans podeu veure algunes fotos de la jornada <a href=\"https:\/\/drive.google.com\/drive\/folders\/1FxUvNdZsf8qta5IjJGoTA4cQ-xmyOF_Z\">aqu\u00ed.<\/a><\/p>\n","protected":false},"excerpt":{"rendered":"<p>El dimecres 26 de novembre a la tarda<\/p>\n","protected":false},"author":360,"featured_media":0,"comment_status":"closed","ping_status":"open","sticky":false,"template":"","format":"standard","meta":{"_bbp_topic_count":0,"_bbp_reply_count":0,"_bbp_total_topic_count":0,"_bbp_total_reply_count":0,"_bbp_voice_count":0,"_bbp_anonymous_reply_count":0,"_bbp_topic_count_hidden":0,"_bbp_reply_count_hidden":0,"_bbp_forum_subforum_count":0,"site-sidebar-layout":"default","site-content-layout":"","ast-site-content-layout":"","site-content-style":"default","site-sidebar-style":"default","ast-global-header-display":"","ast-banner-title-visibility":"","ast-main-header-display":"","ast-hfb-above-header-display":"","ast-hfb-below-header-display":"","ast-hfb-mobile-header-display":"","site-post-title":"","ast-breadcrumbs-content":"","ast-featured-img":"","footer-sml-layout":"","theme-transparent-header-meta":"","adv-header-id-meta":"","stick-header-meta":"","header-above-stick-meta":"","header-main-stick-meta":"","header-below-stick-meta":"","astra-migrate-meta-layouts":"default","ast-page-background-enabled":"default","ast-page-background-meta":{"desktop":{"background-color":"var(--ast-global-color-4)","background-image":"","background-repeat":"repeat","background-position":"center center","background-size":"auto","background-attachment":"scroll","background-type":"","background-media":"","overlay-type":"","overlay-color":"","overlay-opacity":"","overlay-gradient":""},"tablet":{"background-color":"","background-image":"","background-repeat":"repeat","background-position":"center center","background-size":"auto","background-attachment":"scroll","background-type":"","background-media":"","overlay-type":"","overlay-color":"","overlay-opacity":"","overlay-gradient":""},"mobile":{"background-color":"","background-image":"","background-repeat":"repeat","background-position":"center center","background-size":"auto","background-attachment":"scroll","background-type":"","background-media":"","overlay-type":"","overlay-color":"","overlay-opacity":"","overlay-gradient":""}},"ast-content-background-meta":{"desktop":{"background-color":"var(--ast-global-color-5)","background-image":"","background-repeat":"repeat","background-position":"center center","background-size":"auto","background-attachment":"scroll","background-type":"","background-media":"","overlay-type":"","overlay-color":"","overlay-opacity":"","overlay-gradient":""},"tablet":{"background-color":"var(--ast-global-color-5)","background-image":"","background-repeat":"repeat","background-position":"center center","background-size":"auto","background-attachment":"scroll","background-type":"","background-media":"","overlay-type":"","overlay-color":"","overlay-opacity":"","overlay-gradient":""},"mobile":{"background-color":"var(--ast-global-color-5)","background-image":"","background-repeat":"repeat","background-position":"center center","background-size":"auto","background-attachment":"scroll","background-type":"","background-media":"","overlay-type":"","overlay-color":"","overlay-opacity":"","overlay-gradient":""}},"footnotes":""},"categories":[116,117,118,125,115,1,4,126],"tags":[],"class_list":["post-5958","post","type-post","status-publish","format-standard","hentry","category-4t-cicle-grans","category-5e-cicle-grans","category-6e-cicle-grans","category-activitats-escola","category-cicle-grans","category-general","category-portada","category-projectes-escola"],"post_mailing_queue_ids":[],"_links":{"self":[{"href":"https:\/\/agora.xtec.cat\/ceiplesescolesdegurb\/wp-json\/wp\/v2\/posts\/5958","targetHints":{"allow":["GET"]}}],"collection":[{"href":"https:\/\/agora.xtec.cat\/ceiplesescolesdegurb\/wp-json\/wp\/v2\/posts"}],"about":[{"href":"https:\/\/agora.xtec.cat\/ceiplesescolesdegurb\/wp-json\/wp\/v2\/types\/post"}],"author":[{"embeddable":true,"href":"https:\/\/agora.xtec.cat\/ceiplesescolesdegurb\/wp-json\/wp\/v2\/users\/360"}],"replies":[{"embeddable":true,"href":"https:\/\/agora.xtec.cat\/ceiplesescolesdegurb\/wp-json\/wp\/v2\/comments?post=5958"}],"version-history":[{"count":3,"href":"https:\/\/agora.xtec.cat\/ceiplesescolesdegurb\/wp-json\/wp\/v2\/posts\/5958\/revisions"}],"predecessor-version":[{"id":5962,"href":"https:\/\/agora.xtec.cat\/ceiplesescolesdegurb\/wp-json\/wp\/v2\/posts\/5958\/revisions\/5962"}],"wp:attachment":[{"href":"https:\/\/agora.xtec.cat\/ceiplesescolesdegurb\/wp-json\/wp\/v2\/media?parent=5958"}],"wp:term":[{"taxonomy":"category","embeddable":true,"href":"https:\/\/agora.xtec.cat\/ceiplesescolesdegurb\/wp-json\/wp\/v2\/categories?post=5958"},{"taxonomy":"post_tag","embeddable":true,"href":"https:\/\/agora.xtec.cat\/ceiplesescolesdegurb\/wp-json\/wp\/v2\/tags?post=5958"}],"curies":[{"name":"wp","href":"https:\/\/api.w.org\/{rel}","templated":true}]}}