{"id":5736,"date":"2025-10-15T12:08:00","date_gmt":"2025-10-15T10:08:00","guid":{"rendered":"https:\/\/agora.xtec.cat\/ceiplesescolesdegurb\/?p=5736"},"modified":"2025-10-15T12:22:51","modified_gmt":"2025-10-15T10:22:51","slug":"visita-al-parlament","status":"publish","type":"post","link":"https:\/\/agora.xtec.cat\/ceiplesescolesdegurb\/portada\/visita-al-parlament\/","title":{"rendered":"Visita al Parlament"},"content":{"rendered":"<p><img loading=\"lazy\" decoding=\"async\" class=\"alignleft wp-image-5742\" src=\"https:\/\/agora.xtec.cat\/ceiplesescolesdegurb\/wp-content\/uploads\/usu970\/2025\/10\/Copia-de-Copia-de-MOB-MID-2.jpg\" alt=\"\" width=\"352\" height=\"352\" srcset=\"https:\/\/agora.xtec.cat\/ceiplesescolesdegurb\/wp-content\/uploads\/usu970\/2025\/10\/Copia-de-Copia-de-MOB-MID-2.jpg 1080w, https:\/\/agora.xtec.cat\/ceiplesescolesdegurb\/wp-content\/uploads\/usu970\/2025\/10\/Copia-de-Copia-de-MOB-MID-2-300x300.jpg 300w, https:\/\/agora.xtec.cat\/ceiplesescolesdegurb\/wp-content\/uploads\/usu970\/2025\/10\/Copia-de-Copia-de-MOB-MID-2-1024x1024.jpg 1024w, https:\/\/agora.xtec.cat\/ceiplesescolesdegurb\/wp-content\/uploads\/usu970\/2025\/10\/Copia-de-Copia-de-MOB-MID-2-150x150.jpg 150w, https:\/\/agora.xtec.cat\/ceiplesescolesdegurb\/wp-content\/uploads\/usu970\/2025\/10\/Copia-de-Copia-de-MOB-MID-2-768x768.jpg 768w\" sizes=\"auto, (max-width: 352px) 100vw, 352px\" \/>El divendres 3 d&#8217;octubre, tot l&#8217;alumnat de 6\u00e8 <!--more--><span style=\"font-weight: 400;\">vam anar a visitar el Parlament de Catalunya. <\/span><span style=\"font-weight: 400;\">Vam fer aquesta visita perqu\u00e8 no la vam poder fer l\u2019any passat. Durant aquesta visita vam poder veure les parts m\u00e9s importants del Parlament: la sala de sessions o hemicicle, el quadre del 7 de novembre, i tamb\u00e9 vam poder baixar per les escales principals.\u00a0<\/span><span style=\"font-weight: 400;\">Ara sabem que al Parlament hi ha 135 diputats, escollits pels habitants de les quatre prov\u00edncies i que aquests elegeixen el president. La visita ens va agradar molt. Quan vam sortir vam anar a dinar en un rac\u00f3 molt bonic del Parc de la Ciutadella. Quina visita tan divertida!! Les fam\u00edlies de 6\u00e8 podeu veure les fotos <a href=\"https:\/\/drive.google.com\/drive\/folders\/1KSJOoyyxmOvk3z3aTnSRdUAVBarngGBj\">aqu\u00ed<\/a><\/span><\/p>\n","protected":false},"excerpt":{"rendered":"<p>El divendres 3 d&#8217;octubre, tot l&#8217;alumnat de 6\u00e8<\/p>\n","protected":false},"author":382,"featured_media":0,"comment_status":"closed","ping_status":"closed","sticky":false,"template":"","format":"standard","meta":{"_bbp_topic_count":0,"_bbp_reply_count":0,"_bbp_total_topic_count":0,"_bbp_total_reply_count":0,"_bbp_voice_count":0,"_bbp_anonymous_reply_count":0,"_bbp_topic_count_hidden":0,"_bbp_reply_count_hidden":0,"_bbp_forum_subforum_count":0,"site-sidebar-layout":"default","site-content-layout":"","ast-site-content-layout":"","site-content-style":"default","site-sidebar-style":"default","ast-global-header-display":"","ast-banner-title-visibility":"","ast-main-header-display":"","ast-hfb-above-header-display":"","ast-hfb-below-header-display":"","ast-hfb-mobile-header-display":"","site-post-title":"","ast-breadcrumbs-content":"","ast-featured-img":"","footer-sml-layout":"","theme-transparent-header-meta":"","adv-header-id-meta":"","stick-header-meta":"","header-above-stick-meta":"","header-main-stick-meta":"","header-below-stick-meta":"","astra-migrate-meta-layouts":"default","ast-page-background-enabled":"default","ast-page-background-meta":{"desktop":{"background-color":"var(--ast-global-color-4)","background-image":"","background-repeat":"repeat","background-position":"center center","background-size":"auto","background-attachment":"scroll","background-type":"","background-media":"","overlay-type":"","overlay-color":"","overlay-opacity":"","overlay-gradient":""},"tablet":{"background-color":"","background-image":"","background-repeat":"repeat","background-position":"center center","background-size":"auto","background-attachment":"scroll","background-type":"","background-media":"","overlay-type":"","overlay-color":"","overlay-opacity":"","overlay-gradient":""},"mobile":{"background-color":"","background-image":"","background-repeat":"repeat","background-position":"center center","background-size":"auto","background-attachment":"scroll","background-type":"","background-media":"","overlay-type":"","overlay-color":"","overlay-opacity":"","overlay-gradient":""}},"ast-content-background-meta":{"desktop":{"background-color":"var(--ast-global-color-5)","background-image":"","background-repeat":"repeat","background-position":"center center","background-size":"auto","background-attachment":"scroll","background-type":"","background-media":"","overlay-type":"","overlay-color":"","overlay-opacity":"","overlay-gradient":""},"tablet":{"background-color":"var(--ast-global-color-5)","background-image":"","background-repeat":"repeat","background-position":"center center","background-size":"auto","background-attachment":"scroll","background-type":"","background-media":"","overlay-type":"","overlay-color":"","overlay-opacity":"","overlay-gradient":""},"mobile":{"background-color":"var(--ast-global-color-5)","background-image":"","background-repeat":"repeat","background-position":"center center","background-size":"auto","background-attachment":"scroll","background-type":"","background-media":"","overlay-type":"","overlay-color":"","overlay-opacity":"","overlay-gradient":""}},"footnotes":""},"categories":[118,115,4],"tags":[],"class_list":["post-5736","post","type-post","status-publish","format-standard","hentry","category-6e-cicle-grans","category-cicle-grans","category-portada"],"post_mailing_queue_ids":[],"_links":{"self":[{"href":"https:\/\/agora.xtec.cat\/ceiplesescolesdegurb\/wp-json\/wp\/v2\/posts\/5736","targetHints":{"allow":["GET"]}}],"collection":[{"href":"https:\/\/agora.xtec.cat\/ceiplesescolesdegurb\/wp-json\/wp\/v2\/posts"}],"about":[{"href":"https:\/\/agora.xtec.cat\/ceiplesescolesdegurb\/wp-json\/wp\/v2\/types\/post"}],"author":[{"embeddable":true,"href":"https:\/\/agora.xtec.cat\/ceiplesescolesdegurb\/wp-json\/wp\/v2\/users\/382"}],"replies":[{"embeddable":true,"href":"https:\/\/agora.xtec.cat\/ceiplesescolesdegurb\/wp-json\/wp\/v2\/comments?post=5736"}],"version-history":[{"count":5,"href":"https:\/\/agora.xtec.cat\/ceiplesescolesdegurb\/wp-json\/wp\/v2\/posts\/5736\/revisions"}],"predecessor-version":[{"id":5746,"href":"https:\/\/agora.xtec.cat\/ceiplesescolesdegurb\/wp-json\/wp\/v2\/posts\/5736\/revisions\/5746"}],"wp:attachment":[{"href":"https:\/\/agora.xtec.cat\/ceiplesescolesdegurb\/wp-json\/wp\/v2\/media?parent=5736"}],"wp:term":[{"taxonomy":"category","embeddable":true,"href":"https:\/\/agora.xtec.cat\/ceiplesescolesdegurb\/wp-json\/wp\/v2\/categories?post=5736"},{"taxonomy":"post_tag","embeddable":true,"href":"https:\/\/agora.xtec.cat\/ceiplesescolesdegurb\/wp-json\/wp\/v2\/tags?post=5736"}],"curies":[{"name":"wp","href":"https:\/\/api.w.org\/{rel}","templated":true}]}}