{"id":5603,"date":"2025-07-09T17:08:23","date_gmt":"2025-07-09T15:08:23","guid":{"rendered":"https:\/\/agora.xtec.cat\/ceiplesescolesdegurb\/?p=5603"},"modified":"2025-07-09T17:30:10","modified_gmt":"2025-07-09T15:30:10","slug":"jubilacions","status":"publish","type":"post","link":"https:\/\/agora.xtec.cat\/ceiplesescolesdegurb\/portada\/jubilacions\/","title":{"rendered":"Jubilacions"},"content":{"rendered":"\r\n\t<div class=\"slideshow_container slideshow_container_style-light\" style=\"height: 350px; \" data-slideshow-id=\"5620\" data-style-name=\"style-light\" data-style-version=\"2.3.1\" >\r\n\r\n\t\t\t\t\t<div class=\"slideshow_loading_icon\"><\/div>\r\n\t\t\r\n\t\t<div class=\"slideshow_content\" style=\"display: none;\">\r\n\r\n\t\t\t<div class=\"slideshow_view\">\r\n\t\t\t\t<div class=\"slideshow_slide slideshow_slide_image\">\r\n\t\t\t\t\t\t\t\t\t\t\t<img src=\"https:\/\/agora.xtec.cat\/ceiplesescolesdegurb\/wp-content\/uploads\/usu970\/2025\/07\/1-2.png\" alt=\"1\" width=\"1000\" height=\"1000\" \/>\r\n\t\t\t\t\t\t\t\t\t\t<div class=\"slideshow_description_box slideshow_transparent\">\r\n\t\t\t\t\t\t<div class=\"slideshow_title\">1<\/div>\t\t\t\t\t\t\t\t\t\t\t<\/div>\r\n\t\t\t\t<\/div>\r\n\r\n\t\t\t\t\t\t<div style=\"clear: both;\"><\/div><\/div><div class=\"slideshow_view\">\r\n\t\t\t\t<div class=\"slideshow_slide slideshow_slide_image\">\r\n\t\t\t\t\t\t\t\t\t\t\t<img src=\"https:\/\/agora.xtec.cat\/ceiplesescolesdegurb\/wp-content\/uploads\/usu970\/2025\/07\/2-1.png\" alt=\"2\" width=\"1000\" height=\"1000\" \/>\r\n\t\t\t\t\t\t\t\t\t\t<div class=\"slideshow_description_box slideshow_transparent\">\r\n\t\t\t\t\t\t<div class=\"slideshow_title\">2<\/div>\t\t\t\t\t\t\t\t\t\t\t<\/div>\r\n\t\t\t\t<\/div>\r\n\r\n\t\t\t\t\t\t<div style=\"clear: both;\"><\/div><\/div><div class=\"slideshow_view\">\r\n\t\t\t\t<div class=\"slideshow_slide slideshow_slide_image\">\r\n\t\t\t\t\t\t\t\t\t\t\t<img src=\"https:\/\/agora.xtec.cat\/ceiplesescolesdegurb\/wp-content\/uploads\/usu970\/2025\/07\/Jubilacions_2025.png\" alt=\"Jubilacions_2025\" width=\"800\" height=\"800\" \/>\r\n\t\t\t\t\t\t\t\t\t\t<div class=\"slideshow_description_box slideshow_transparent\">\r\n\t\t\t\t\t\t<div class=\"slideshow_title\">Jubilacions_2025<\/div>\t\t\t\t\t\t\t\t\t\t\t<\/div>\r\n\t\t\t\t<\/div>\r\n\r\n\t\t\t\t\t\t<div style=\"clear: both;\"><\/div><\/div><div class=\"slideshow_view\">\r\n\t\t\t\t<div class=\"slideshow_slide slideshow_slide_image\">\r\n\t\t\t\t\t\t\t\t\t\t\t<img src=\"https:\/\/agora.xtec.cat\/ceiplesescolesdegurb\/wp-content\/uploads\/usu970\/2025\/07\/4-2.png\" alt=\"4\" width=\"1000\" height=\"1000\" \/>\r\n\t\t\t\t\t\t\t\t\t\t<div class=\"slideshow_description_box slideshow_transparent\">\r\n\t\t\t\t\t\t<div class=\"slideshow_title\">4<\/div>\t\t\t\t\t\t\t\t\t\t\t<\/div>\r\n\t\t\t\t<\/div>\r\n\r\n\t\t\t\t\t\t<div style=\"clear: both;\"><\/div><\/div>\r\n\t\t<\/div>\r\n\r\n\t\t<div class=\"slideshow_controlPanel slideshow_transparent\" style=\"display: none;\"><ul><li class=\"slideshow_togglePlay\" data-play-text=\"Visualitza\" data-pause-text=\"Pausa\"><\/li><\/ul><\/div>\r\n\r\n\t\t<div class=\"slideshow_button slideshow_previous slideshow_transparent\" role=\"button\" data-previous-text=\"Anterior\" style=\"display: none;\"><\/div>\r\n\t\t<div class=\"slideshow_button slideshow_next slideshow_transparent\" role=\"button\" data-next-text=\"Seg\u00fcent\" style=\"display: none;\"><\/div>\r\n\r\n\t\t<div class=\"slideshow_pagination\" style=\"display: none;\" data-go-to-text=\"V\u00e9s a la diapositiva\"><div class=\"slideshow_pagination_center\"><\/div><\/div>\r\n\r\n\t\t<!-- WordPress Slideshow Version 2.3.1 -->\r\n\r\n\t\t\t<\/div>\r\n\r\n\n<p><b>Fer de mestra. Jubilar-se.<\/b><\/p>\n<p><!--more--><\/p>\n<p><span style=\"font-weight: 400;\">Fer de mestra \u00e9s molt m\u00e9s que una feina: \u00e9s una vocaci\u00f3, una manera de viure, d\u2019entendre el m\u00f3n i d\u2019estimar-lo a trav\u00e9s de les persones m\u00e9s petites. Ser mestra \u00e9s acompanyar, guiar, escoltar i confiar. \u00c9s construir cada dia un espai segur i ple de sentit on els infants aprenen a ser, a conviure i a cr\u00e9ixer.<\/span><\/p>\n<p><span style=\"font-weight: 400;\">\u00c9s adaptar-se, reinventar-se i mantenir-se curiosa. \u00c9s tenir fermesa, per\u00f2 tamb\u00e9 tendresa. \u00c9s creure en la for\u00e7a de l\u2019educaci\u00f3 com una eina transformadora. I fer-ho durant anys, amb la mateixa il\u00b7lusi\u00f3 del primer dia i amb la saviesa que nom\u00e9s dona l\u2019experi\u00e8ncia.<\/span><\/p>\n<p><span style=\"font-weight: 400;\">La jubilaci\u00f3 no \u00e9s un punt final: \u00e9s un punt i seguit en un altre temps, un temps per cuidar-se, per fer cam\u00ed sense pressa, per gaudir d\u2019all\u00f2 que sovint es deixava per a despr\u00e9s. \u00c9s tamb\u00e9 l&#8217;oportunitat de recollir el que s&#8217;ha sembrat: el record viu d\u2019una feina feta amb passi\u00f3 i responsabilitat.<\/span><\/p>\n<p><span style=\"font-weight: 400;\">Gr\u00e0cies, mestres, per tot el que heu aportat. La vostra petjada queda a l\u2019escola, per\u00f2 sobretot queda en les persones.<\/span><\/p>\n<p>&nbsp;<\/p>\n<p><b>Per <\/b><b>l\u2019Eva<\/b><\/p>\n<p><span style=\"font-weight: 400;\">Despr\u00e9s de 26 anys de dedicaci\u00f3, l\u2019Eva ens diu fins aviat amb aquella rigorositat que sempre l\u2019ha acompanyada. Ha estat una mestra d\u2019infantil compromesa, seriosa, i profundament implicada en tot all\u00f2 que ha fet. Li devem moltes de les passes que l\u2019escola ha fet cap a una mirada m\u00e9s verda, m\u00e9s sostenible, m\u00e9s connectada amb la terra. L\u2019hort ha estat un espai de vida on, gr\u00e0cies a ella, els infants han apr\u00e8s a observar, cuidar i respectar. Gr\u00e0cies, Eva, per fer de cada detall una oportunitat d\u2019aprenentatge. Et desitgem una jubilaci\u00f3 plena de natura i serenor.<\/span><\/p>\n<p>&nbsp;<\/p>\n<p><b>Per la M. Dolors<\/b><\/p>\n<p><span style=\"font-weight: 400;\">La M. Dolors ha sabut unir dues dimensions essencials de l\u2019escola: el m\u00f3n digital i el m\u00f3n dels llibres. Ha estat una pe\u00e7a clau per fer avan\u00e7ar el centre cap a una educaci\u00f3 m\u00e9s tecnol\u00f2gica, alhora que mantenia viva la flama de la lectura a trav\u00e9s de la biblioteca i les seves recomanacions sempre encertades. Com a mestra d\u2019infantil, ha sembrat inter\u00e8s i curiositat des de ben petits, amb sensibilitat i visi\u00f3 de futur. Gr\u00e0cies per tota la feina feta amb tanta discreci\u00f3 i generositat. Et desitgem una jubilaci\u00f3 plena de llibres, hist\u00f2ries i temps per a tu.<\/span><\/p>\n<p>&nbsp;<\/p>\n<p><b>Per la M. Carme<\/b><\/p>\n<p><span style=\"font-weight: 400;\">Mestra vocacional, rigorosa, implicada. La M. Carme ha deixat empremta com a mestra d\u2019angl\u00e8s i com a tutora, per\u00f2 tamb\u00e9 com a persona compromesa amb el llenguatge i amb l\u2019educaci\u00f3 de qualitat. Sempre atenta als detalls, amant de la correcci\u00f3 i de les paraules ben dites, ha transm\u00e8s el valor de fer les coses ben fetes. Tamb\u00e9 ha gaudit del treball a l\u2019hort, connectant l\u2019aprenentatge amb la natura. Gr\u00e0cies per educar amb tanta passi\u00f3 i const\u00e0ncia. Et desitgem una jubilaci\u00f3 on puguis seguir cuidant el llenguatge i la terra amb calma i llibertat.<\/span><\/p>\n<p>&nbsp;<\/p>\n<p><b>Per la Geli<\/b><\/p>\n<p><span style=\"font-weight: 400;\">La Geli \u00e9s naturalitat. Durant 16 anys ha estat una mestra d\u2019angl\u00e8s i tamb\u00e9 ha portat la direcci\u00f3 de l\u2019escola durant 3 anys, sempre amb una mirada oberta i propera. Aquests \u00faltims cursos, ha dedicat tota la seva atenci\u00f3 als m\u00e9s petits. Amb paci\u00e8ncia els ha introdu\u00eft l\u2019angl\u00e8s a trav\u00e9s dels ambients i de les rutines del dia a dia, convertint-les en moments plens de joc i aprenentatge. I ara, et desitgem que aquest nou cap\u00edtol t\u2019ofereixi espai per escoltar-te, per cuidar-te i per gaudir d\u2019all\u00f2 que et fa sentir viva.\u00a0<\/span><\/p>\n","protected":false},"excerpt":{"rendered":"<p>Fer de mestra. Jubilar-se.<\/p>\n","protected":false},"author":1,"featured_media":0,"comment_status":"closed","ping_status":"closed","sticky":false,"template":"","format":"standard","meta":{"_bbp_topic_count":0,"_bbp_reply_count":0,"_bbp_total_topic_count":0,"_bbp_total_reply_count":0,"_bbp_voice_count":0,"_bbp_anonymous_reply_count":0,"_bbp_topic_count_hidden":0,"_bbp_reply_count_hidden":0,"_bbp_forum_subforum_count":0,"site-sidebar-layout":"default","site-content-layout":"","ast-site-content-layout":"","site-content-style":"default","site-sidebar-style":"default","ast-global-header-display":"","ast-banner-title-visibility":"","ast-main-header-display":"","ast-hfb-above-header-display":"","ast-hfb-below-header-display":"","ast-hfb-mobile-header-display":"","site-post-title":"","ast-breadcrumbs-content":"","ast-featured-img":"","footer-sml-layout":"","theme-transparent-header-meta":"","adv-header-id-meta":"","stick-header-meta":"","header-above-stick-meta":"","header-main-stick-meta":"","header-below-stick-meta":"","astra-migrate-meta-layouts":"default","ast-page-background-enabled":"default","ast-page-background-meta":{"desktop":{"background-color":"var(--ast-global-color-4)","background-image":"","background-repeat":"repeat","background-position":"center center","background-size":"auto","background-attachment":"scroll","background-type":"","background-media":"","overlay-type":"","overlay-color":"","overlay-opacity":"","overlay-gradient":""},"tablet":{"background-color":"","background-image":"","background-repeat":"repeat","background-position":"center center","background-size":"auto","background-attachment":"scroll","background-type":"","background-media":"","overlay-type":"","overlay-color":"","overlay-opacity":"","overlay-gradient":""},"mobile":{"background-color":"","background-image":"","background-repeat":"repeat","background-position":"center center","background-size":"auto","background-attachment":"scroll","background-type":"","background-media":"","overlay-type":"","overlay-color":"","overlay-opacity":"","overlay-gradient":""}},"ast-content-background-meta":{"desktop":{"background-color":"var(--ast-global-color-5)","background-image":"","background-repeat":"repeat","background-position":"center center","background-size":"auto","background-attachment":"scroll","background-type":"","background-media":"","overlay-type":"","overlay-color":"","overlay-opacity":"","overlay-gradient":""},"tablet":{"background-color":"var(--ast-global-color-5)","background-image":"","background-repeat":"repeat","background-position":"center center","background-size":"auto","background-attachment":"scroll","background-type":"","background-media":"","overlay-type":"","overlay-color":"","overlay-opacity":"","overlay-gradient":""},"mobile":{"background-color":"var(--ast-global-color-5)","background-image":"","background-repeat":"repeat","background-position":"center center","background-size":"auto","background-attachment":"scroll","background-type":"","background-media":"","overlay-type":"","overlay-color":"","overlay-opacity":"","overlay-gradient":""}},"footnotes":""},"categories":[124,4],"tags":[],"class_list":["post-5603","post","type-post","status-publish","format-standard","hentry","category-informacions-escola","category-portada"],"post_mailing_queue_ids":[],"_links":{"self":[{"href":"https:\/\/agora.xtec.cat\/ceiplesescolesdegurb\/wp-json\/wp\/v2\/posts\/5603","targetHints":{"allow":["GET"]}}],"collection":[{"href":"https:\/\/agora.xtec.cat\/ceiplesescolesdegurb\/wp-json\/wp\/v2\/posts"}],"about":[{"href":"https:\/\/agora.xtec.cat\/ceiplesescolesdegurb\/wp-json\/wp\/v2\/types\/post"}],"author":[{"embeddable":true,"href":"https:\/\/agora.xtec.cat\/ceiplesescolesdegurb\/wp-json\/wp\/v2\/users\/1"}],"replies":[{"embeddable":true,"href":"https:\/\/agora.xtec.cat\/ceiplesescolesdegurb\/wp-json\/wp\/v2\/comments?post=5603"}],"version-history":[{"count":6,"href":"https:\/\/agora.xtec.cat\/ceiplesescolesdegurb\/wp-json\/wp\/v2\/posts\/5603\/revisions"}],"predecessor-version":[{"id":5625,"href":"https:\/\/agora.xtec.cat\/ceiplesescolesdegurb\/wp-json\/wp\/v2\/posts\/5603\/revisions\/5625"}],"wp:attachment":[{"href":"https:\/\/agora.xtec.cat\/ceiplesescolesdegurb\/wp-json\/wp\/v2\/media?parent=5603"}],"wp:term":[{"taxonomy":"category","embeddable":true,"href":"https:\/\/agora.xtec.cat\/ceiplesescolesdegurb\/wp-json\/wp\/v2\/categories?post=5603"},{"taxonomy":"post_tag","embeddable":true,"href":"https:\/\/agora.xtec.cat\/ceiplesescolesdegurb\/wp-json\/wp\/v2\/tags?post=5603"}],"curies":[{"name":"wp","href":"https:\/\/api.w.org\/{rel}","templated":true}]}}