{"id":5565,"date":"2025-06-15T12:07:49","date_gmt":"2025-06-15T10:07:49","guid":{"rendered":"https:\/\/agora.xtec.cat\/ceiplesescolesdegurb\/?p=5565"},"modified":"2025-06-15T12:13:05","modified_gmt":"2025-06-15T10:13:05","slug":"premis-pilarin-bayes-2","status":"publish","type":"post","link":"https:\/\/agora.xtec.cat\/ceiplesescolesdegurb\/portada\/premis-pilarin-bayes-2\/","title":{"rendered":"Premis Pilar\u00edn Bay\u00e9s"},"content":{"rendered":"<p><img loading=\"lazy\" decoding=\"async\" class=\"alignleft wp-image-5566\" src=\"https:\/\/agora.xtec.cat\/ceiplesescolesdegurb\/wp-content\/uploads\/usu970\/2025\/06\/Copia-de-Rugby-1.png\" alt=\"\" width=\"356\" height=\"356\" srcset=\"https:\/\/agora.xtec.cat\/ceiplesescolesdegurb\/wp-content\/uploads\/usu970\/2025\/06\/Copia-de-Rugby-1.png 1080w, https:\/\/agora.xtec.cat\/ceiplesescolesdegurb\/wp-content\/uploads\/usu970\/2025\/06\/Copia-de-Rugby-1-300x300.png 300w, https:\/\/agora.xtec.cat\/ceiplesescolesdegurb\/wp-content\/uploads\/usu970\/2025\/06\/Copia-de-Rugby-1-1024x1024.png 1024w, https:\/\/agora.xtec.cat\/ceiplesescolesdegurb\/wp-content\/uploads\/usu970\/2025\/06\/Copia-de-Rugby-1-150x150.png 150w, https:\/\/agora.xtec.cat\/ceiplesescolesdegurb\/wp-content\/uploads\/usu970\/2025\/06\/Copia-de-Rugby-1-768x768.png 768w\" sizes=\"auto, (max-width: 356px) 100vw, 356px\" \/><\/p>\n<p><span style=\"font-weight: 400;\">El passat dimarts dia 9 de juny, els alumnes de 2n <\/span><!--more--><\/p>\n<p><span style=\"font-weight: 400;\">vam anar a recollir el Premi Pilar\u00edn Bay\u00e9s pel conte \u201cl\u2019Escola del Futur\u201d. Nom\u00e9s d\u2019arribar al teatre Atl\u00e0ntida amb el carrilet, vam tenir la gran sort de trobar la Pilar\u00edn que tamb\u00e9 hi entrava.\u00a0 Ens vam fer la foto amb ella, vam gravar el conte per Catalunya R\u00e0dio i vam fer diferents activitats en unes paradetes que hi havia a l\u2019exterior del recinte. A les 12 del migdia, ens van reunir a tots i a totes al teatre per a fer l\u2019entrega de premis. La reina de la festa va ser sens dubte la Pilar\u00edn, que amb els seus 84 anys continua essent una dona imparable, \u00fanica, treballadora i animada. Totes les escoles assistents li vam rendir homenatge i vam cantar-li una can\u00e7\u00f3 dedicada a ella en un acte que porta el seu nom i que ja t\u00e9 22 anys d\u2019hist\u00f2ria. Nosaltres ens vam emportar un puzle, el llibre amb els contes il\u00b7lustrats per la ninotaire i&#8230; el m\u00e9s important: el record inesborrable d\u2019haver participat i guanyat en un dels concursos literaris m\u00e9s importants de Catalunya. Les fam\u00edlies de 2n podeu veure les <a href=\"https:\/\/drive.google.com\/drive\/folders\/1WRQCnkiyHMICNHJL-fHGZZ1Di6_NSeKq?usp=drive_link\">fotos aqu\u00ed.<\/a><\/span><\/p>\n<p>&nbsp;<\/p>\n<p>&nbsp;<\/p>\n<p>&nbsp;<\/p>\n","protected":false},"excerpt":{"rendered":"<p>El passat dimarts dia 9 de juny, els alumnes de 2n<\/p>\n","protected":false},"author":1,"featured_media":0,"comment_status":"closed","ping_status":"open","sticky":false,"template":"","format":"standard","meta":{"_bbp_topic_count":0,"_bbp_reply_count":0,"_bbp_total_topic_count":0,"_bbp_total_reply_count":0,"_bbp_voice_count":0,"_bbp_anonymous_reply_count":0,"_bbp_topic_count_hidden":0,"_bbp_reply_count_hidden":0,"_bbp_forum_subforum_count":0,"site-sidebar-layout":"default","site-content-layout":"","ast-site-content-layout":"","site-content-style":"default","site-sidebar-style":"default","ast-global-header-display":"","ast-banner-title-visibility":"","ast-main-header-display":"","ast-hfb-above-header-display":"","ast-hfb-below-header-display":"","ast-hfb-mobile-header-display":"","site-post-title":"","ast-breadcrumbs-content":"","ast-featured-img":"","footer-sml-layout":"","theme-transparent-header-meta":"","adv-header-id-meta":"","stick-header-meta":"","header-above-stick-meta":"","header-main-stick-meta":"","header-below-stick-meta":"","astra-migrate-meta-layouts":"default","ast-page-background-enabled":"default","ast-page-background-meta":{"desktop":{"background-color":"var(--ast-global-color-4)","background-image":"","background-repeat":"repeat","background-position":"center center","background-size":"auto","background-attachment":"scroll","background-type":"","background-media":"","overlay-type":"","overlay-color":"","overlay-opacity":"","overlay-gradient":""},"tablet":{"background-color":"","background-image":"","background-repeat":"repeat","background-position":"center center","background-size":"auto","background-attachment":"scroll","background-type":"","background-media":"","overlay-type":"","overlay-color":"","overlay-opacity":"","overlay-gradient":""},"mobile":{"background-color":"","background-image":"","background-repeat":"repeat","background-position":"center center","background-size":"auto","background-attachment":"scroll","background-type":"","background-media":"","overlay-type":"","overlay-color":"","overlay-opacity":"","overlay-gradient":""}},"ast-content-background-meta":{"desktop":{"background-color":"var(--ast-global-color-5)","background-image":"","background-repeat":"repeat","background-position":"center center","background-size":"auto","background-attachment":"scroll","background-type":"","background-media":"","overlay-type":"","overlay-color":"","overlay-opacity":"","overlay-gradient":""},"tablet":{"background-color":"var(--ast-global-color-5)","background-image":"","background-repeat":"repeat","background-position":"center center","background-size":"auto","background-attachment":"scroll","background-type":"","background-media":"","overlay-type":"","overlay-color":"","overlay-opacity":"","overlay-gradient":""},"mobile":{"background-color":"var(--ast-global-color-5)","background-image":"","background-repeat":"repeat","background-position":"center center","background-size":"auto","background-attachment":"scroll","background-type":"","background-media":"","overlay-type":"","overlay-color":"","overlay-opacity":"","overlay-gradient":""}},"footnotes":""},"categories":[113,125,111,4],"tags":[],"class_list":["post-5565","post","type-post","status-publish","format-standard","hentry","category-2n-cicle-mitjans","category-activitats-escola","category-cicle-mitjans","category-portada"],"post_mailing_queue_ids":[],"_links":{"self":[{"href":"https:\/\/agora.xtec.cat\/ceiplesescolesdegurb\/wp-json\/wp\/v2\/posts\/5565","targetHints":{"allow":["GET"]}}],"collection":[{"href":"https:\/\/agora.xtec.cat\/ceiplesescolesdegurb\/wp-json\/wp\/v2\/posts"}],"about":[{"href":"https:\/\/agora.xtec.cat\/ceiplesescolesdegurb\/wp-json\/wp\/v2\/types\/post"}],"author":[{"embeddable":true,"href":"https:\/\/agora.xtec.cat\/ceiplesescolesdegurb\/wp-json\/wp\/v2\/users\/1"}],"replies":[{"embeddable":true,"href":"https:\/\/agora.xtec.cat\/ceiplesescolesdegurb\/wp-json\/wp\/v2\/comments?post=5565"}],"version-history":[{"count":1,"href":"https:\/\/agora.xtec.cat\/ceiplesescolesdegurb\/wp-json\/wp\/v2\/posts\/5565\/revisions"}],"predecessor-version":[{"id":5567,"href":"https:\/\/agora.xtec.cat\/ceiplesescolesdegurb\/wp-json\/wp\/v2\/posts\/5565\/revisions\/5567"}],"wp:attachment":[{"href":"https:\/\/agora.xtec.cat\/ceiplesescolesdegurb\/wp-json\/wp\/v2\/media?parent=5565"}],"wp:term":[{"taxonomy":"category","embeddable":true,"href":"https:\/\/agora.xtec.cat\/ceiplesescolesdegurb\/wp-json\/wp\/v2\/categories?post=5565"},{"taxonomy":"post_tag","embeddable":true,"href":"https:\/\/agora.xtec.cat\/ceiplesescolesdegurb\/wp-json\/wp\/v2\/tags?post=5565"}],"curies":[{"name":"wp","href":"https:\/\/api.w.org\/{rel}","templated":true}]}}