{"id":5518,"date":"2025-05-23T14:17:07","date_gmt":"2025-05-23T12:17:07","guid":{"rendered":"https:\/\/agora.xtec.cat\/ceiplesescolesdegurb\/?p=5518"},"modified":"2025-05-23T14:17:07","modified_gmt":"2025-05-23T12:17:07","slug":"consell-dels-infants-4","status":"publish","type":"post","link":"https:\/\/agora.xtec.cat\/ceiplesescolesdegurb\/general\/consell-dels-infants-4\/","title":{"rendered":"Consell dels Infants"},"content":{"rendered":"<p><img loading=\"lazy\" decoding=\"async\" class=\"alignleft  wp-image-5519\" src=\"https:\/\/agora.xtec.cat\/ceiplesescolesdegurb\/wp-content\/uploads\/usu970\/2025\/05\/Copia-de-Copia-de-MOB-MID-2.jpg\" alt=\"\" width=\"354\" height=\"354\" srcset=\"https:\/\/agora.xtec.cat\/ceiplesescolesdegurb\/wp-content\/uploads\/usu970\/2025\/05\/Copia-de-Copia-de-MOB-MID-2.jpg 1080w, https:\/\/agora.xtec.cat\/ceiplesescolesdegurb\/wp-content\/uploads\/usu970\/2025\/05\/Copia-de-Copia-de-MOB-MID-2-300x300.jpg 300w, https:\/\/agora.xtec.cat\/ceiplesescolesdegurb\/wp-content\/uploads\/usu970\/2025\/05\/Copia-de-Copia-de-MOB-MID-2-1024x1024.jpg 1024w, https:\/\/agora.xtec.cat\/ceiplesescolesdegurb\/wp-content\/uploads\/usu970\/2025\/05\/Copia-de-Copia-de-MOB-MID-2-150x150.jpg 150w, https:\/\/agora.xtec.cat\/ceiplesescolesdegurb\/wp-content\/uploads\/usu970\/2025\/05\/Copia-de-Copia-de-MOB-MID-2-768x768.jpg 768w\" sizes=\"auto, (max-width: 354px) 100vw, 354px\" \/>Els representants del Consell dels Infants,<!--more-->l&#8217;alcalde i la regidora d&#8217;educaci\u00f3 (Josep Casassas i Anna Arum\u00ed), s&#8217;han reunit a l&#8217;escola per donar resposta a les propostes que hav\u00edem portat al ple de l&#8217;Ajuntament. Aquestes propostes estan relacionades amb la millora del poble i com treballar millor l&#8217;ODS 7 Energia Neta i Assequible. Ara\u00a0 ja sabem qu\u00e8 faran al poble i podrem explicar-ho als nostres companys. Totes les fam\u00edlies podeu veure les <a href=\"https:\/\/drive.google.com\/drive\/folders\/1E6mXcN1Slyp7wJi_goWleDBXTvRb8wX7?usp=drive_link\">fotos aqu\u00ed.<\/a><\/p>\n","protected":false},"excerpt":{"rendered":"<p>Els representants del Consell dels Infants,<\/p>\n","protected":false},"author":1,"featured_media":0,"comment_status":"closed","ping_status":"closed","sticky":false,"template":"","format":"standard","meta":{"_bbp_topic_count":0,"_bbp_reply_count":0,"_bbp_total_topic_count":0,"_bbp_total_reply_count":0,"_bbp_voice_count":0,"_bbp_anonymous_reply_count":0,"_bbp_topic_count_hidden":0,"_bbp_reply_count_hidden":0,"_bbp_forum_subforum_count":0,"site-sidebar-layout":"default","site-content-layout":"","ast-site-content-layout":"","site-content-style":"default","site-sidebar-style":"default","ast-global-header-display":"","ast-banner-title-visibility":"","ast-main-header-display":"","ast-hfb-above-header-display":"","ast-hfb-below-header-display":"","ast-hfb-mobile-header-display":"","site-post-title":"","ast-breadcrumbs-content":"","ast-featured-img":"","footer-sml-layout":"","theme-transparent-header-meta":"","adv-header-id-meta":"","stick-header-meta":"","header-above-stick-meta":"","header-main-stick-meta":"","header-below-stick-meta":"","astra-migrate-meta-layouts":"default","ast-page-background-enabled":"default","ast-page-background-meta":{"desktop":{"background-color":"var(--ast-global-color-4)","background-image":"","background-repeat":"repeat","background-position":"center center","background-size":"auto","background-attachment":"scroll","background-type":"","background-media":"","overlay-type":"","overlay-color":"","overlay-opacity":"","overlay-gradient":""},"tablet":{"background-color":"","background-image":"","background-repeat":"repeat","background-position":"center center","background-size":"auto","background-attachment":"scroll","background-type":"","background-media":"","overlay-type":"","overlay-color":"","overlay-opacity":"","overlay-gradient":""},"mobile":{"background-color":"","background-image":"","background-repeat":"repeat","background-position":"center center","background-size":"auto","background-attachment":"scroll","background-type":"","background-media":"","overlay-type":"","overlay-color":"","overlay-opacity":"","overlay-gradient":""}},"ast-content-background-meta":{"desktop":{"background-color":"var(--ast-global-color-5)","background-image":"","background-repeat":"repeat","background-position":"center center","background-size":"auto","background-attachment":"scroll","background-type":"","background-media":"","overlay-type":"","overlay-color":"","overlay-opacity":"","overlay-gradient":""},"tablet":{"background-color":"var(--ast-global-color-5)","background-image":"","background-repeat":"repeat","background-position":"center center","background-size":"auto","background-attachment":"scroll","background-type":"","background-media":"","overlay-type":"","overlay-color":"","overlay-opacity":"","overlay-gradient":""},"mobile":{"background-color":"var(--ast-global-color-5)","background-image":"","background-repeat":"repeat","background-position":"center center","background-size":"auto","background-attachment":"scroll","background-type":"","background-media":"","overlay-type":"","overlay-color":"","overlay-opacity":"","overlay-gradient":""}},"footnotes":""},"categories":[125,1,4,126],"tags":[],"class_list":["post-5518","post","type-post","status-publish","format-standard","hentry","category-activitats-escola","category-general","category-portada","category-projectes-escola"],"post_mailing_queue_ids":[],"_links":{"self":[{"href":"https:\/\/agora.xtec.cat\/ceiplesescolesdegurb\/wp-json\/wp\/v2\/posts\/5518","targetHints":{"allow":["GET"]}}],"collection":[{"href":"https:\/\/agora.xtec.cat\/ceiplesescolesdegurb\/wp-json\/wp\/v2\/posts"}],"about":[{"href":"https:\/\/agora.xtec.cat\/ceiplesescolesdegurb\/wp-json\/wp\/v2\/types\/post"}],"author":[{"embeddable":true,"href":"https:\/\/agora.xtec.cat\/ceiplesescolesdegurb\/wp-json\/wp\/v2\/users\/1"}],"replies":[{"embeddable":true,"href":"https:\/\/agora.xtec.cat\/ceiplesescolesdegurb\/wp-json\/wp\/v2\/comments?post=5518"}],"version-history":[{"count":1,"href":"https:\/\/agora.xtec.cat\/ceiplesescolesdegurb\/wp-json\/wp\/v2\/posts\/5518\/revisions"}],"predecessor-version":[{"id":5520,"href":"https:\/\/agora.xtec.cat\/ceiplesescolesdegurb\/wp-json\/wp\/v2\/posts\/5518\/revisions\/5520"}],"wp:attachment":[{"href":"https:\/\/agora.xtec.cat\/ceiplesescolesdegurb\/wp-json\/wp\/v2\/media?parent=5518"}],"wp:term":[{"taxonomy":"category","embeddable":true,"href":"https:\/\/agora.xtec.cat\/ceiplesescolesdegurb\/wp-json\/wp\/v2\/categories?post=5518"},{"taxonomy":"post_tag","embeddable":true,"href":"https:\/\/agora.xtec.cat\/ceiplesescolesdegurb\/wp-json\/wp\/v2\/tags?post=5518"}],"curies":[{"name":"wp","href":"https:\/\/api.w.org\/{rel}","templated":true}]}}