{"id":4890,"date":"2024-10-17T21:37:07","date_gmt":"2024-10-17T19:37:07","guid":{"rendered":"https:\/\/agora.xtec.cat\/ceiplesescolesdegurb\/?p=4890"},"modified":"2024-10-18T10:01:56","modified_gmt":"2024-10-18T08:01:56","slug":"sortida-a-folgueroles-2","status":"publish","type":"post","link":"https:\/\/agora.xtec.cat\/ceiplesescolesdegurb\/portada\/sortida-a-folgueroles-2\/","title":{"rendered":"6\u00e8, Sortida a Folgueroles!"},"content":{"rendered":"<p><img loading=\"lazy\" decoding=\"async\" class=\"alignleft wp-image-4897\" src=\"https:\/\/agora.xtec.cat\/ceiplesescolesdegurb\/wp-content\/uploads\/usu970\/2024\/10\/Museu-Verdaguer.png\" alt=\"\" width=\"359\" height=\"359\" srcset=\"https:\/\/agora.xtec.cat\/ceiplesescolesdegurb\/wp-content\/uploads\/usu970\/2024\/10\/Museu-Verdaguer.png 1080w, https:\/\/agora.xtec.cat\/ceiplesescolesdegurb\/wp-content\/uploads\/usu970\/2024\/10\/Museu-Verdaguer-300x300.png 300w, https:\/\/agora.xtec.cat\/ceiplesescolesdegurb\/wp-content\/uploads\/usu970\/2024\/10\/Museu-Verdaguer-1024x1024.png 1024w, https:\/\/agora.xtec.cat\/ceiplesescolesdegurb\/wp-content\/uploads\/usu970\/2024\/10\/Museu-Verdaguer-150x150.png 150w, https:\/\/agora.xtec.cat\/ceiplesescolesdegurb\/wp-content\/uploads\/usu970\/2024\/10\/Museu-Verdaguer-768x768.png 768w\" sizes=\"auto, (max-width: 359px) 100vw, 359px\" \/><\/p>\n<p>Visita a la Casa Museu Verdaguer de<!--more--> Folgueroles. <span style=\"font-weight: 400;\">El dimecres 16 d&#8217;octubre els nens i nenes de 6\u00e8 vam anar a Folgueroles.\u00a0<\/span><span style=\"font-weight: 400;\">Vam visitar la Casa Museu Verdaguer, on ens van explicar com era la vida d\u2019aquest poeta. Vam poder veure com era la casa on va viure, la cuina, l\u2019habitaci\u00f3 i alguns objectes de l\u2019\u00e8poca. I per acabar de con\u00e8ixer millor el poeta vam fer un joc de pistes amb els punts m\u00e9s importants de Verdaguer al poble.\u00a0\u00a0<\/span><\/p>\n<p><span style=\"font-weight: 400;\">Vam anar a dinar a la Damunt i despr\u00e9s, a jugar una bona estona! Les fam\u00edlies de 6\u00e8, <a href=\"https:\/\/drive.google.com\/drive\/folders\/1Vonx62OvNUT0xaSi8r6f2j20cXt4THA4?usp=drive_link\">mireu les fotos aqu\u00ed<\/a><\/span><\/p>\n<p><span style=\"font-weight: 400;\">Els nois i noies de 6\u00e8<\/span><\/p>\n<p>&nbsp;<\/p>\n<p>&nbsp;<\/p>\n","protected":false},"excerpt":{"rendered":"<p>Visita a la Casa Museu Verdaguer de<\/p>\n","protected":false},"author":360,"featured_media":0,"comment_status":"closed","ping_status":"closed","sticky":false,"template":"","format":"standard","meta":{"_bbp_topic_count":0,"_bbp_reply_count":0,"_bbp_total_topic_count":0,"_bbp_total_reply_count":0,"_bbp_voice_count":0,"_bbp_anonymous_reply_count":0,"_bbp_topic_count_hidden":0,"_bbp_reply_count_hidden":0,"_bbp_forum_subforum_count":0,"site-sidebar-layout":"default","site-content-layout":"","ast-site-content-layout":"","site-content-style":"default","site-sidebar-style":"default","ast-global-header-display":"","ast-banner-title-visibility":"","ast-main-header-display":"","ast-hfb-above-header-display":"","ast-hfb-below-header-display":"","ast-hfb-mobile-header-display":"","site-post-title":"","ast-breadcrumbs-content":"","ast-featured-img":"","footer-sml-layout":"","theme-transparent-header-meta":"","adv-header-id-meta":"","stick-header-meta":"","header-above-stick-meta":"","header-main-stick-meta":"","header-below-stick-meta":"","astra-migrate-meta-layouts":"default","ast-page-background-enabled":"default","ast-page-background-meta":{"desktop":{"background-color":"var(--ast-global-color-4)","background-image":"","background-repeat":"repeat","background-position":"center center","background-size":"auto","background-attachment":"scroll","background-type":"","background-media":"","overlay-type":"","overlay-color":"","overlay-opacity":"","overlay-gradient":""},"tablet":{"background-color":"","background-image":"","background-repeat":"repeat","background-position":"center center","background-size":"auto","background-attachment":"scroll","background-type":"","background-media":"","overlay-type":"","overlay-color":"","overlay-opacity":"","overlay-gradient":""},"mobile":{"background-color":"","background-image":"","background-repeat":"repeat","background-position":"center center","background-size":"auto","background-attachment":"scroll","background-type":"","background-media":"","overlay-type":"","overlay-color":"","overlay-opacity":"","overlay-gradient":""}},"ast-content-background-meta":{"desktop":{"background-color":"var(--ast-global-color-5)","background-image":"","background-repeat":"repeat","background-position":"center center","background-size":"auto","background-attachment":"scroll","background-type":"","background-media":"","overlay-type":"","overlay-color":"","overlay-opacity":"","overlay-gradient":""},"tablet":{"background-color":"var(--ast-global-color-5)","background-image":"","background-repeat":"repeat","background-position":"center center","background-size":"auto","background-attachment":"scroll","background-type":"","background-media":"","overlay-type":"","overlay-color":"","overlay-opacity":"","overlay-gradient":""},"mobile":{"background-color":"var(--ast-global-color-5)","background-image":"","background-repeat":"repeat","background-position":"center center","background-size":"auto","background-attachment":"scroll","background-type":"","background-media":"","overlay-type":"","overlay-color":"","overlay-opacity":"","overlay-gradient":""}},"footnotes":""},"categories":[118,115,4],"tags":[],"class_list":["post-4890","post","type-post","status-publish","format-standard","hentry","category-6e-cicle-grans","category-cicle-grans","category-portada"],"post_mailing_queue_ids":[],"_links":{"self":[{"href":"https:\/\/agora.xtec.cat\/ceiplesescolesdegurb\/wp-json\/wp\/v2\/posts\/4890","targetHints":{"allow":["GET"]}}],"collection":[{"href":"https:\/\/agora.xtec.cat\/ceiplesescolesdegurb\/wp-json\/wp\/v2\/posts"}],"about":[{"href":"https:\/\/agora.xtec.cat\/ceiplesescolesdegurb\/wp-json\/wp\/v2\/types\/post"}],"author":[{"embeddable":true,"href":"https:\/\/agora.xtec.cat\/ceiplesescolesdegurb\/wp-json\/wp\/v2\/users\/360"}],"replies":[{"embeddable":true,"href":"https:\/\/agora.xtec.cat\/ceiplesescolesdegurb\/wp-json\/wp\/v2\/comments?post=4890"}],"version-history":[{"count":6,"href":"https:\/\/agora.xtec.cat\/ceiplesescolesdegurb\/wp-json\/wp\/v2\/posts\/4890\/revisions"}],"predecessor-version":[{"id":4909,"href":"https:\/\/agora.xtec.cat\/ceiplesescolesdegurb\/wp-json\/wp\/v2\/posts\/4890\/revisions\/4909"}],"wp:attachment":[{"href":"https:\/\/agora.xtec.cat\/ceiplesescolesdegurb\/wp-json\/wp\/v2\/media?parent=4890"}],"wp:term":[{"taxonomy":"category","embeddable":true,"href":"https:\/\/agora.xtec.cat\/ceiplesescolesdegurb\/wp-json\/wp\/v2\/categories?post=4890"},{"taxonomy":"post_tag","embeddable":true,"href":"https:\/\/agora.xtec.cat\/ceiplesescolesdegurb\/wp-json\/wp\/v2\/tags?post=4890"}],"curies":[{"name":"wp","href":"https:\/\/api.w.org\/{rel}","templated":true}]}}