{"id":4651,"date":"2024-06-21T13:00:12","date_gmt":"2024-06-21T11:00:12","guid":{"rendered":"https:\/\/agora.xtec.cat\/ceiplesescolesdegurb\/?p=4651"},"modified":"2025-05-07T16:10:56","modified_gmt":"2025-05-07T14:10:56","slug":"jubilacio-maria-bru","status":"publish","type":"post","link":"https:\/\/agora.xtec.cat\/ceiplesescolesdegurb\/portada\/jubilacio-maria-bru\/","title":{"rendered":"Jubilaci\u00f3 Maria Bru"},"content":{"rendered":"<p><img loading=\"lazy\" decoding=\"async\" class=\"alignleft wp-image-4652\" src=\"https:\/\/agora.xtec.cat\/ceiplesescolesdegurb\/wp-content\/uploads\/usu970\/2024\/06\/Jubilacio-Maria.png\" alt=\"\" width=\"357\" height=\"357\" srcset=\"https:\/\/agora.xtec.cat\/ceiplesescolesdegurb\/wp-content\/uploads\/usu970\/2024\/06\/Jubilacio-Maria.png 750w, https:\/\/agora.xtec.cat\/ceiplesescolesdegurb\/wp-content\/uploads\/usu970\/2024\/06\/Jubilacio-Maria-300x300.png 300w, https:\/\/agora.xtec.cat\/ceiplesescolesdegurb\/wp-content\/uploads\/usu970\/2024\/06\/Jubilacio-Maria-150x150.png 150w\" sizes=\"auto, (max-width: 357px) 100vw, 357px\" \/><\/p>\n<p><!--more--><\/p>\n<p><span style=\"font-weight: 400;\">Aquest final de curs, la Maria Bru es jubila, despr\u00e9s de dedicar un per\u00edode de 23 anys de doc\u00e8ncia en aquesta escola. Maria, en nom de tota la comunitat educativa, volem expressar el nostre agra\u00efment per la teva dedicaci\u00f3 a Les Escoles de Gurb.\u00a0<\/span><span style=\"font-weight: 400;\">Gr\u00e0cies per ser-hi sempre, des de la teva parcel\u00b7la has aportat a tot l\u2019alumnat i al claustre de mestres all\u00f2 que cadasc\u00fa ha necessitat.\u00a0<\/span><span style=\"font-weight: 400;\">Et desitgem molta sort i tota la felicitat en aquest nou cap\u00edtol de la teva vida, esperem que la jubilaci\u00f3 et porti moments de tranquil\u00b7litat i que trobis temps per gaudir de les coses que m\u00e9s t\u2019agraden. Els seus companys i companyes et desitgem el millor en aquesta nova etapa!\u00a0<\/span><span style=\"font-weight: 400;\">Moltes gr\u00e0cies per tot el que has compartit amb nosaltres!<\/span><\/p>\n<p>A continuaci\u00f3 trobareu el conte que se li va llegir el dia que vam fer l&#8217;acte per acomiadar-la amb tots els nens i nenes del cicle dels petits:<\/p>\n<p><em><span style=\"font-weight: 400;\">\u201cVet aqu\u00ed una vegada una mestra anomenada Maria, que treballava en una escola plena de nens i nens. Cada dia, la Maria anava a treballar contenta i feli\u00e7 perqu\u00e8 li encantava estar amb tots ells, aprendre un munt de coses noves i compartir estones de joc.\u00a0<\/span><\/em><\/p>\n<p><em><span style=\"font-weight: 400;\">Un 20 de juny com avui, la Maria va fer 60 anys, com podia ser que hagu\u00e9s arribat tan aviat! Era un dia molt especial, i calia celebrar-ho! Els seus companys i companyes de l\u2019escola li van organitzar una gran festa per acomiadar-la. Havia arribat el dia, li van dir que era hora de jubilar-se. La Maria no sabia qu\u00e8 volia dir aix\u00f2 de jubilar-se, aix\u00ed que ho va preguntar als seus amics i amigues.<\/span><\/em><\/p>\n<p><em><span style=\"font-weight: 400;\">Els seus amics i amigues li van explicar que jubilar-se volia dir que ara podria descansar i gaudir del temps lliure despr\u00e9s de tants anys treballant. Li van dir que podria fer tot el que sempre havia volgut fer: viatjar, llegir llibres, pintar, fer excursions o simplement relaxar-se.<\/span><\/em><\/p>\n<p><em><span style=\"font-weight: 400;\">La Maria va entendre que la jubilaci\u00f3 era com un nou comen\u00e7ament, una nova etapa de la seva vida en la qual podria fer tot el que li agradava sense haver de preocupar-se per la feina i pel temps. Va agrair als seus amics i amigues que li fessin saber qu\u00e8 significava aquesta nova aventura i va marxar cap a casa amb una motxilla plena de bons records i un gran somriure, que sempre l\u2019acompanyava\u2026 Que contenta va estar la seva gosseta, la Pimpa, quan la va veure arribar i notar en la seva mirada que ara la Maria tindria moooolt m\u00e9s temps per estar amb ella, jugar i sortir a passejar!\u00a0<\/span><\/em><\/p>\n<p><em><span style=\"font-weight: 400;\">Des d&#8217;aquell dia, la Maria va gaudir de la seva jubilaci\u00f3 fent tot el que li agradava i sentint-se molt feli\u00e7 i satisfeta de la gran feina que havia fet fins ara. I tots els nens i nenes del poble sabien que la jubilaci\u00f3 era un moment especial en la vida d&#8217;una persona, en qu\u00e8 es pot gaudir de la tranquil\u00b7litat i la felicitat.<\/span><\/em><\/p>\n<p><em><span style=\"font-weight: 400;\">I vet aqu\u00ed un gat, i vet aqu\u00ed un gos\u2026 I aquest conte ja s\u2019ha fos!\u201d<\/span><\/em><\/p>\n<p><span style=\"font-weight: 400;\">A veure, amb el conte que us he explicat sabeu quina mestra es jubila avui? Doncs s\u00ed, la MARIA!<\/span><\/p>\n<p><span style=\"font-weight: 400;\">Tots els alumnes d\u2019infantil et faran entrega d\u2019una pedra amb el seu nom. Aquestes pedres, com les de la riera de St. Pere, s\u00f3n m\u00e0giques i estan plenes de records, d\u2019emoci\u00f3, de sentiments i d\u2019agra\u00efment cap a tu, Maria.\u00a0<\/span><\/p>\n<p>&nbsp;<\/p>\n","protected":false},"excerpt":{"rendered":"","protected":false},"author":1,"featured_media":0,"comment_status":"closed","ping_status":"closed","sticky":false,"template":"","format":"standard","meta":{"_bbp_topic_count":0,"_bbp_reply_count":0,"_bbp_total_topic_count":0,"_bbp_total_reply_count":0,"_bbp_voice_count":0,"_bbp_anonymous_reply_count":0,"_bbp_topic_count_hidden":0,"_bbp_reply_count_hidden":0,"_bbp_forum_subforum_count":0,"site-sidebar-layout":"default","site-content-layout":"","ast-site-content-layout":"","site-content-style":"default","site-sidebar-style":"default","ast-global-header-display":"","ast-banner-title-visibility":"","ast-main-header-display":"","ast-hfb-above-header-display":"","ast-hfb-below-header-display":"","ast-hfb-mobile-header-display":"","site-post-title":"","ast-breadcrumbs-content":"","ast-featured-img":"","footer-sml-layout":"","theme-transparent-header-meta":"","adv-header-id-meta":"","stick-header-meta":"","header-above-stick-meta":"","header-main-stick-meta":"","header-below-stick-meta":"","astra-migrate-meta-layouts":"default","ast-page-background-enabled":"default","ast-page-background-meta":{"desktop":{"background-color":"var(--ast-global-color-4)","background-image":"","background-repeat":"repeat","background-position":"center center","background-size":"auto","background-attachment":"scroll","background-type":"","background-media":"","overlay-type":"","overlay-color":"","overlay-opacity":"","overlay-gradient":""},"tablet":{"background-color":"","background-image":"","background-repeat":"repeat","background-position":"center center","background-size":"auto","background-attachment":"scroll","background-type":"","background-media":"","overlay-type":"","overlay-color":"","overlay-opacity":"","overlay-gradient":""},"mobile":{"background-color":"","background-image":"","background-repeat":"repeat","background-position":"center center","background-size":"auto","background-attachment":"scroll","background-type":"","background-media":"","overlay-type":"","overlay-color":"","overlay-opacity":"","overlay-gradient":""}},"ast-content-background-meta":{"desktop":{"background-color":"var(--ast-global-color-5)","background-image":"","background-repeat":"repeat","background-position":"center center","background-size":"auto","background-attachment":"scroll","background-type":"","background-media":"","overlay-type":"","overlay-color":"","overlay-opacity":"","overlay-gradient":""},"tablet":{"background-color":"var(--ast-global-color-5)","background-image":"","background-repeat":"repeat","background-position":"center center","background-size":"auto","background-attachment":"scroll","background-type":"","background-media":"","overlay-type":"","overlay-color":"","overlay-opacity":"","overlay-gradient":""},"mobile":{"background-color":"var(--ast-global-color-5)","background-image":"","background-repeat":"repeat","background-position":"center center","background-size":"auto","background-attachment":"scroll","background-type":"","background-media":"","overlay-type":"","overlay-color":"","overlay-opacity":"","overlay-gradient":""}},"footnotes":""},"categories":[124,4],"tags":[],"class_list":["post-4651","post","type-post","status-publish","format-standard","hentry","category-informacions-escola","category-portada"],"post_mailing_queue_ids":[],"_links":{"self":[{"href":"https:\/\/agora.xtec.cat\/ceiplesescolesdegurb\/wp-json\/wp\/v2\/posts\/4651","targetHints":{"allow":["GET"]}}],"collection":[{"href":"https:\/\/agora.xtec.cat\/ceiplesescolesdegurb\/wp-json\/wp\/v2\/posts"}],"about":[{"href":"https:\/\/agora.xtec.cat\/ceiplesescolesdegurb\/wp-json\/wp\/v2\/types\/post"}],"author":[{"embeddable":true,"href":"https:\/\/agora.xtec.cat\/ceiplesescolesdegurb\/wp-json\/wp\/v2\/users\/1"}],"replies":[{"embeddable":true,"href":"https:\/\/agora.xtec.cat\/ceiplesescolesdegurb\/wp-json\/wp\/v2\/comments?post=4651"}],"version-history":[{"count":3,"href":"https:\/\/agora.xtec.cat\/ceiplesescolesdegurb\/wp-json\/wp\/v2\/posts\/4651\/revisions"}],"predecessor-version":[{"id":5426,"href":"https:\/\/agora.xtec.cat\/ceiplesescolesdegurb\/wp-json\/wp\/v2\/posts\/4651\/revisions\/5426"}],"wp:attachment":[{"href":"https:\/\/agora.xtec.cat\/ceiplesescolesdegurb\/wp-json\/wp\/v2\/media?parent=4651"}],"wp:term":[{"taxonomy":"category","embeddable":true,"href":"https:\/\/agora.xtec.cat\/ceiplesescolesdegurb\/wp-json\/wp\/v2\/categories?post=4651"},{"taxonomy":"post_tag","embeddable":true,"href":"https:\/\/agora.xtec.cat\/ceiplesescolesdegurb\/wp-json\/wp\/v2\/tags?post=4651"}],"curies":[{"name":"wp","href":"https:\/\/api.w.org\/{rel}","templated":true}]}}