{"id":4643,"date":"2024-05-16T22:22:01","date_gmt":"2024-05-16T20:22:01","guid":{"rendered":"https:\/\/agora.xtec.cat\/ceiplesescolesdegurb\/?p=4643"},"modified":"2024-06-18T22:30:40","modified_gmt":"2024-06-18T20:30:40","slug":"visita-den-jordi-molas","status":"publish","type":"post","link":"https:\/\/agora.xtec.cat\/ceiplesescolesdegurb\/portada\/visita-den-jordi-molas\/","title":{"rendered":"Visita d&#8217;en Jordi Molas"},"content":{"rendered":"<p><img loading=\"lazy\" decoding=\"async\" class=\"alignleft  wp-image-4644\" src=\"https:\/\/agora.xtec.cat\/ceiplesescolesdegurb\/wp-content\/uploads\/usu970\/2024\/06\/Jordi-Molas.png\" alt=\"\" width=\"349\" height=\"349\" srcset=\"https:\/\/agora.xtec.cat\/ceiplesescolesdegurb\/wp-content\/uploads\/usu970\/2024\/06\/Jordi-Molas.png 500w, https:\/\/agora.xtec.cat\/ceiplesescolesdegurb\/wp-content\/uploads\/usu970\/2024\/06\/Jordi-Molas-300x300.png 300w, https:\/\/agora.xtec.cat\/ceiplesescolesdegurb\/wp-content\/uploads\/usu970\/2024\/06\/Jordi-Molas-150x150.png 150w\" sizes=\"auto, (max-width: 349px) 100vw, 349px\" \/>El dia 8 de maig, vam tenir <!--more-->una visita molt especial, en Jordi Molas. En Jordi va patir una lesi\u00f3 medul\u00b7lar jugant a rugbi que l\u2019hi va afectar les quatre extremitats.<\/p>\n<p>Ens va explicar com fa les rutines de cada dia. Tamb\u00e9 ens va explicar com pujava i baixava del cotxe i mentre ens ho explicava el vam ajudar a fer les dues coses.<\/p>\n<p>Vam compartir m\u00e9s de dues hores amb ell i ens va explicar tota la seva vida, quins esports practicava i les persones que l\u2019han ajudat m\u00e9s al llarg de tots aquests anys.<\/p>\n<p>A m\u00e9s, ens va ensenyar un tros del seu documental i el llibre que va escriure per tal d\u2019explicar els diferents entrebancs amb qu\u00e8 s\u2019ha anat trobant i tamb\u00e9 com els ha intentat superar i quines persones l\u2019han ajudat a aconseguir arribar fins a on \u00e9s ara.<\/p>\n<p>Va ser una visita que ens va impactar molt a tots i totes, ja que ens va fer reflexionar sobre com tractem a les persones, l\u2019empatia, l\u2019amistat i el no rendir-se mai. Explicant la seva experi\u00e8ncia ens va fer reflexionar sobre el fet que pot passar a qualsevol i que per aix\u00f2 \u00e9s imprescindible tractar als altres com ens agradaria que ens tractessin a nosaltres.<\/p>\n<p>Segur que no ho oblidarem mai!<\/p>\n<p>Gr\u00e0cies Jordi!<\/p>\n","protected":false},"excerpt":{"rendered":"<p>El dia 8 de maig, vam tenir<\/p>\n","protected":false},"author":1,"featured_media":0,"comment_status":"closed","ping_status":"closed","sticky":false,"template":"","format":"standard","meta":{"_bbp_topic_count":0,"_bbp_reply_count":0,"_bbp_total_topic_count":0,"_bbp_total_reply_count":0,"_bbp_voice_count":0,"_bbp_anonymous_reply_count":0,"_bbp_topic_count_hidden":0,"_bbp_reply_count_hidden":0,"_bbp_forum_subforum_count":0,"site-sidebar-layout":"default","site-content-layout":"","ast-site-content-layout":"","site-content-style":"default","site-sidebar-style":"default","ast-global-header-display":"","ast-banner-title-visibility":"","ast-main-header-display":"","ast-hfb-above-header-display":"","ast-hfb-below-header-display":"","ast-hfb-mobile-header-display":"","site-post-title":"","ast-breadcrumbs-content":"","ast-featured-img":"","footer-sml-layout":"","theme-transparent-header-meta":"","adv-header-id-meta":"","stick-header-meta":"","header-above-stick-meta":"","header-main-stick-meta":"","header-below-stick-meta":"","astra-migrate-meta-layouts":"default","ast-page-background-enabled":"default","ast-page-background-meta":{"desktop":{"background-color":"var(--ast-global-color-4)","background-image":"","background-repeat":"repeat","background-position":"center center","background-size":"auto","background-attachment":"scroll","background-type":"","background-media":"","overlay-type":"","overlay-color":"","overlay-opacity":"","overlay-gradient":""},"tablet":{"background-color":"","background-image":"","background-repeat":"repeat","background-position":"center center","background-size":"auto","background-attachment":"scroll","background-type":"","background-media":"","overlay-type":"","overlay-color":"","overlay-opacity":"","overlay-gradient":""},"mobile":{"background-color":"","background-image":"","background-repeat":"repeat","background-position":"center center","background-size":"auto","background-attachment":"scroll","background-type":"","background-media":"","overlay-type":"","overlay-color":"","overlay-opacity":"","overlay-gradient":""}},"ast-content-background-meta":{"desktop":{"background-color":"var(--ast-global-color-5)","background-image":"","background-repeat":"repeat","background-position":"center center","background-size":"auto","background-attachment":"scroll","background-type":"","background-media":"","overlay-type":"","overlay-color":"","overlay-opacity":"","overlay-gradient":""},"tablet":{"background-color":"var(--ast-global-color-5)","background-image":"","background-repeat":"repeat","background-position":"center center","background-size":"auto","background-attachment":"scroll","background-type":"","background-media":"","overlay-type":"","overlay-color":"","overlay-opacity":"","overlay-gradient":""},"mobile":{"background-color":"var(--ast-global-color-5)","background-image":"","background-repeat":"repeat","background-position":"center center","background-size":"auto","background-attachment":"scroll","background-type":"","background-media":"","overlay-type":"","overlay-color":"","overlay-opacity":"","overlay-gradient":""}},"footnotes":""},"categories":[118,115,4],"tags":[],"class_list":["post-4643","post","type-post","status-publish","format-standard","hentry","category-6e-cicle-grans","category-cicle-grans","category-portada"],"post_mailing_queue_ids":[],"_links":{"self":[{"href":"https:\/\/agora.xtec.cat\/ceiplesescolesdegurb\/wp-json\/wp\/v2\/posts\/4643","targetHints":{"allow":["GET"]}}],"collection":[{"href":"https:\/\/agora.xtec.cat\/ceiplesescolesdegurb\/wp-json\/wp\/v2\/posts"}],"about":[{"href":"https:\/\/agora.xtec.cat\/ceiplesescolesdegurb\/wp-json\/wp\/v2\/types\/post"}],"author":[{"embeddable":true,"href":"https:\/\/agora.xtec.cat\/ceiplesescolesdegurb\/wp-json\/wp\/v2\/users\/1"}],"replies":[{"embeddable":true,"href":"https:\/\/agora.xtec.cat\/ceiplesescolesdegurb\/wp-json\/wp\/v2\/comments?post=4643"}],"version-history":[{"count":1,"href":"https:\/\/agora.xtec.cat\/ceiplesescolesdegurb\/wp-json\/wp\/v2\/posts\/4643\/revisions"}],"predecessor-version":[{"id":4645,"href":"https:\/\/agora.xtec.cat\/ceiplesescolesdegurb\/wp-json\/wp\/v2\/posts\/4643\/revisions\/4645"}],"wp:attachment":[{"href":"https:\/\/agora.xtec.cat\/ceiplesescolesdegurb\/wp-json\/wp\/v2\/media?parent=4643"}],"wp:term":[{"taxonomy":"category","embeddable":true,"href":"https:\/\/agora.xtec.cat\/ceiplesescolesdegurb\/wp-json\/wp\/v2\/categories?post=4643"},{"taxonomy":"post_tag","embeddable":true,"href":"https:\/\/agora.xtec.cat\/ceiplesescolesdegurb\/wp-json\/wp\/v2\/tags?post=4643"}],"curies":[{"name":"wp","href":"https:\/\/api.w.org\/{rel}","templated":true}]}}