{"id":4535,"date":"2024-04-19T16:24:45","date_gmt":"2024-04-19T14:24:45","guid":{"rendered":"https:\/\/agora.xtec.cat\/ceiplesescolesdegurb\/?p=4535"},"modified":"2024-05-13T16:26:31","modified_gmt":"2024-05-13T14:26:31","slug":"lesquerda-de-roda-de-ter","status":"publish","type":"post","link":"https:\/\/agora.xtec.cat\/ceiplesescolesdegurb\/cicle-grans\/lesquerda-de-roda-de-ter\/","title":{"rendered":"L&#8217;Esquerda de Roda de Ter"},"content":{"rendered":"<p>Avui divendres dia 19 d\u2019abril, hem anat a visitar l\u2019Esquerda de Roda.<\/p>\n<p>Hem vist el jaciment arqueol\u00f2gic (b\u00e9 cultural d&#8217;inter\u00e8s nacional, 2006), on hi ha les restes arqueol\u00f2giques de l\u2019antiga Ausa ib\u00e8rica i de la Roda Ciutat dels documents medievals.\u00a0 La cronologia del jaciment abasta gaireb\u00e9 25 segles d\u2019ocupaci\u00f3, va del segle VIII aC fins a l\u2019any 1314 de la nostra era: del bronze final al m\u00f3n ib\u00e8ric; del per\u00edode visig\u00f2tic i carolingi a la baixa edat mitjana.<\/p>\n<p>El recorregut pel museu arqueol\u00f2gic ens ha ajudat a con\u00e8ixer el patrimoni de l\u2019Esquerda, \u00e9s a dir, la seva hist\u00f2ria a trav\u00e9s dels materials arqueol\u00f2gics que han estat recuperats i dels interactius i audiovisuals.<\/p>\n<p>Tamb\u00e9 hem fet un taller (etapa de metall) on hem pogut construir un ganivet amb les brases del foc i el metall d\u2019aquella \u00e8poca.<\/p>\n<p>En definitiva, hem fet un viatge per la hist\u00f2ria, hem pogut entendre el que era un jaciment ib\u00e8ric i medieval. Hem descobert com ha evolucionat el jaciment i tot un seguit d\u2019episodis \u00e8pics relacionats amb aquesta hist\u00f2ria.<\/p>\n<p>L\u2019Esquerda est\u00e0 situada sobre els espadats d\u2019un dels meandres que fa el riu Ter abans d\u2019endinsar-se a les Guilleries. Des d\u2019aquest impressionant espai es domina tota la plana de Vic i les muntanyes que l\u2019envolten, amb un domini visual de 20 km a la rodona. \u00c9s un enclavament estrat\u00e8gic ocupat des de la prehist\u00f2ria fins a l\u2019edat mitjana.<\/p>\n<p>Ha estat un dia fant\u00e0stic i aqu\u00ed en teniu la mostra.<\/p>\n<p><img loading=\"lazy\" decoding=\"async\" class=\"aligncenter\" src=\"http:\/\/blocs.xtec.cat\/lesescolesdegurb2013\/files\/2024\/04\/fotoesquerda-1024x768.jpg\" width=\"394\" height=\"295\" \/><\/p>\n","protected":false},"excerpt":{"rendered":"<p>Avui divendres dia 19 d\u2019abril, hem anat a visitar l\u2019Esquerda de Roda. Hem vist el jaciment arqueol\u00f2gic (b\u00e9 cultural d&#8217;inter\u00e8s nacional, 2006), on hi ha les restes arqueol\u00f2giques de l\u2019antiga Ausa ib\u00e8rica i de la Roda Ciutat dels documents medievals.\u00a0 La cronologia del jaciment abasta gaireb\u00e9 25 segles d\u2019ocupaci\u00f3, va del segle VIII aC fins [&hellip;]<\/p>\n","protected":false},"author":1,"featured_media":0,"comment_status":"closed","ping_status":"closed","sticky":false,"template":"","format":"standard","meta":{"_bbp_topic_count":0,"_bbp_reply_count":0,"_bbp_total_topic_count":0,"_bbp_total_reply_count":0,"_bbp_voice_count":0,"_bbp_anonymous_reply_count":0,"_bbp_topic_count_hidden":0,"_bbp_reply_count_hidden":0,"_bbp_forum_subforum_count":0,"site-sidebar-layout":"default","site-content-layout":"","ast-site-content-layout":"","site-content-style":"default","site-sidebar-style":"default","ast-global-header-display":"","ast-banner-title-visibility":"","ast-main-header-display":"","ast-hfb-above-header-display":"","ast-hfb-below-header-display":"","ast-hfb-mobile-header-display":"","site-post-title":"","ast-breadcrumbs-content":"","ast-featured-img":"","footer-sml-layout":"","theme-transparent-header-meta":"","adv-header-id-meta":"","stick-header-meta":"","header-above-stick-meta":"","header-main-stick-meta":"","header-below-stick-meta":"","astra-migrate-meta-layouts":"default","ast-page-background-enabled":"default","ast-page-background-meta":{"desktop":{"background-color":"var(--ast-global-color-4)","background-image":"","background-repeat":"repeat","background-position":"center center","background-size":"auto","background-attachment":"scroll","background-type":"","background-media":"","overlay-type":"","overlay-color":"","overlay-opacity":"","overlay-gradient":""},"tablet":{"background-color":"","background-image":"","background-repeat":"repeat","background-position":"center center","background-size":"auto","background-attachment":"scroll","background-type":"","background-media":"","overlay-type":"","overlay-color":"","overlay-opacity":"","overlay-gradient":""},"mobile":{"background-color":"","background-image":"","background-repeat":"repeat","background-position":"center center","background-size":"auto","background-attachment":"scroll","background-type":"","background-media":"","overlay-type":"","overlay-color":"","overlay-opacity":"","overlay-gradient":""}},"ast-content-background-meta":{"desktop":{"background-color":"var(--ast-global-color-5)","background-image":"","background-repeat":"repeat","background-position":"center center","background-size":"auto","background-attachment":"scroll","background-type":"","background-media":"","overlay-type":"","overlay-color":"","overlay-opacity":"","overlay-gradient":""},"tablet":{"background-color":"var(--ast-global-color-5)","background-image":"","background-repeat":"repeat","background-position":"center center","background-size":"auto","background-attachment":"scroll","background-type":"","background-media":"","overlay-type":"","overlay-color":"","overlay-opacity":"","overlay-gradient":""},"mobile":{"background-color":"var(--ast-global-color-5)","background-image":"","background-repeat":"repeat","background-position":"center center","background-size":"auto","background-attachment":"scroll","background-type":"","background-media":"","overlay-type":"","overlay-color":"","overlay-opacity":"","overlay-gradient":""}},"footnotes":""},"categories":[117,115],"tags":[],"class_list":["post-4535","post","type-post","status-publish","format-standard","hentry","category-5e-cicle-grans","category-cicle-grans"],"post_mailing_queue_ids":[],"_links":{"self":[{"href":"https:\/\/agora.xtec.cat\/ceiplesescolesdegurb\/wp-json\/wp\/v2\/posts\/4535","targetHints":{"allow":["GET"]}}],"collection":[{"href":"https:\/\/agora.xtec.cat\/ceiplesescolesdegurb\/wp-json\/wp\/v2\/posts"}],"about":[{"href":"https:\/\/agora.xtec.cat\/ceiplesescolesdegurb\/wp-json\/wp\/v2\/types\/post"}],"author":[{"embeddable":true,"href":"https:\/\/agora.xtec.cat\/ceiplesescolesdegurb\/wp-json\/wp\/v2\/users\/1"}],"replies":[{"embeddable":true,"href":"https:\/\/agora.xtec.cat\/ceiplesescolesdegurb\/wp-json\/wp\/v2\/comments?post=4535"}],"version-history":[{"count":1,"href":"https:\/\/agora.xtec.cat\/ceiplesescolesdegurb\/wp-json\/wp\/v2\/posts\/4535\/revisions"}],"predecessor-version":[{"id":4536,"href":"https:\/\/agora.xtec.cat\/ceiplesescolesdegurb\/wp-json\/wp\/v2\/posts\/4535\/revisions\/4536"}],"wp:attachment":[{"href":"https:\/\/agora.xtec.cat\/ceiplesescolesdegurb\/wp-json\/wp\/v2\/media?parent=4535"}],"wp:term":[{"taxonomy":"category","embeddable":true,"href":"https:\/\/agora.xtec.cat\/ceiplesescolesdegurb\/wp-json\/wp\/v2\/categories?post=4535"},{"taxonomy":"post_tag","embeddable":true,"href":"https:\/\/agora.xtec.cat\/ceiplesescolesdegurb\/wp-json\/wp\/v2\/tags?post=4535"}],"curies":[{"name":"wp","href":"https:\/\/api.w.org\/{rel}","templated":true}]}}