{"id":4212,"date":"2023-12-22T11:35:31","date_gmt":"2023-12-22T10:35:31","guid":{"rendered":"https:\/\/agora.xtec.cat\/ceiplesescolesdegurb\/?p=4212"},"modified":"2024-03-11T11:36:10","modified_gmt":"2024-03-11T10:36:10","slug":"patorets","status":"publish","type":"post","link":"https:\/\/agora.xtec.cat\/ceiplesescolesdegurb\/cicle-grans\/patorets\/","title":{"rendered":"Patorets"},"content":{"rendered":"<p><img loading=\"lazy\" decoding=\"async\" class=\"\" src=\"http:\/\/blocs.xtec.cat\/lesescolesdegurb2012\/files\/2024\/03\/Captura-1.jpg\" width=\"386\" height=\"276\" \/><\/p>\n<p style=\"text-align: justify;\">Els nens i nenes de 6\u00e8, aquest curs hem fet la representaci\u00f3 dels pastorets. Despr\u00e9s de 9 anys veient com els \u201cgrans\u201d de l\u2019escola n\u2019eren els protagonistes, aquest any ho hem sigut nosaltres. I a m\u00e9s a m\u00e9s en un nou format, on nom\u00e9s\u00a0 particip\u00e0vem els alumnes de 6\u00e8 i es va fer al teatre de l\u2019Esperan\u00e7a de Gurb.<\/p>\n<p style=\"text-align: justify;\">Des de l\u2019octubre que hem estat assajant i cada dijous ens hem estat preparant de valent: preparar i rellegir el text per poder-lo entendre millor, assajar en petit grup i despr\u00e9s en gran grup\u2026 El nostre director, en Xevi Font, ens ha ajudat i ens ha explicat com hem de vocalitzar, com ens hem de moure i on ens podem col\u00b7locar per tal que el p\u00fablic ens pugui veure i sentir millor. Tamb\u00e9 ens han ajudat les nostres tutores, i altres mestres amb el vestuari, el maquillatge i la col\u00b7locaci\u00f3 dels decorats. Tot plegat una bona feinada, per\u00f2 una feinada que esper\u00e0vem amb molta il\u00b7lusi\u00f3!<\/p>\n<p style=\"text-align: justify;\">Com que l\u2019aforament del teatre era petit, hem hagut de fer tres posades en escena, dues amb els alumnes de l\u2019escola i una amb les fam\u00edlies.<\/p>\n<p style=\"text-align: justify;\">Ha sigut molt bona experi\u00e8ncia per a tots: alumnes, mestres, pares, mares i fam\u00edlies. Gr\u00e0cies a l\u2019esfor\u00e7 de tots ens ha sortit molt b\u00e9 i tothom ens ha felicitat.<\/p>\n<p style=\"text-align: justify;\">Aqu\u00ed teniu un petit recull de fotos de les activitats que hem anat fent durant els assajos i les fotos de les funcions. Ha estat una experi\u00e8ncia genial!<\/p>\n","protected":false},"excerpt":{"rendered":"<p>Els nens i nenes de 6\u00e8, aquest curs hem fet la representaci\u00f3 dels pastorets. Despr\u00e9s de 9 anys veient com els \u201cgrans\u201d de l\u2019escola n\u2019eren els protagonistes, aquest any ho hem sigut nosaltres. I a m\u00e9s a m\u00e9s en un nou format, on nom\u00e9s\u00a0 particip\u00e0vem els alumnes de 6\u00e8 i es va fer al teatre [&hellip;]<\/p>\n","protected":false},"author":1,"featured_media":0,"comment_status":"closed","ping_status":"closed","sticky":false,"template":"","format":"standard","meta":{"_bbp_topic_count":0,"_bbp_reply_count":0,"_bbp_total_topic_count":0,"_bbp_total_reply_count":0,"_bbp_voice_count":0,"_bbp_anonymous_reply_count":0,"_bbp_topic_count_hidden":0,"_bbp_reply_count_hidden":0,"_bbp_forum_subforum_count":0,"site-sidebar-layout":"default","site-content-layout":"","ast-site-content-layout":"","site-content-style":"default","site-sidebar-style":"default","ast-global-header-display":"","ast-banner-title-visibility":"","ast-main-header-display":"","ast-hfb-above-header-display":"","ast-hfb-below-header-display":"","ast-hfb-mobile-header-display":"","site-post-title":"","ast-breadcrumbs-content":"","ast-featured-img":"","footer-sml-layout":"","theme-transparent-header-meta":"","adv-header-id-meta":"","stick-header-meta":"","header-above-stick-meta":"","header-main-stick-meta":"","header-below-stick-meta":"","astra-migrate-meta-layouts":"default","ast-page-background-enabled":"default","ast-page-background-meta":{"desktop":{"background-color":"var(--ast-global-color-4)","background-image":"","background-repeat":"repeat","background-position":"center center","background-size":"auto","background-attachment":"scroll","background-type":"","background-media":"","overlay-type":"","overlay-color":"","overlay-opacity":"","overlay-gradient":""},"tablet":{"background-color":"","background-image":"","background-repeat":"repeat","background-position":"center center","background-size":"auto","background-attachment":"scroll","background-type":"","background-media":"","overlay-type":"","overlay-color":"","overlay-opacity":"","overlay-gradient":""},"mobile":{"background-color":"","background-image":"","background-repeat":"repeat","background-position":"center center","background-size":"auto","background-attachment":"scroll","background-type":"","background-media":"","overlay-type":"","overlay-color":"","overlay-opacity":"","overlay-gradient":""}},"ast-content-background-meta":{"desktop":{"background-color":"var(--ast-global-color-5)","background-image":"","background-repeat":"repeat","background-position":"center center","background-size":"auto","background-attachment":"scroll","background-type":"","background-media":"","overlay-type":"","overlay-color":"","overlay-opacity":"","overlay-gradient":""},"tablet":{"background-color":"var(--ast-global-color-5)","background-image":"","background-repeat":"repeat","background-position":"center center","background-size":"auto","background-attachment":"scroll","background-type":"","background-media":"","overlay-type":"","overlay-color":"","overlay-opacity":"","overlay-gradient":""},"mobile":{"background-color":"var(--ast-global-color-5)","background-image":"","background-repeat":"repeat","background-position":"center center","background-size":"auto","background-attachment":"scroll","background-type":"","background-media":"","overlay-type":"","overlay-color":"","overlay-opacity":"","overlay-gradient":""}},"footnotes":""},"categories":[118,115],"tags":[],"class_list":["post-4212","post","type-post","status-publish","format-standard","hentry","category-6e-cicle-grans","category-cicle-grans"],"post_mailing_queue_ids":[],"_links":{"self":[{"href":"https:\/\/agora.xtec.cat\/ceiplesescolesdegurb\/wp-json\/wp\/v2\/posts\/4212","targetHints":{"allow":["GET"]}}],"collection":[{"href":"https:\/\/agora.xtec.cat\/ceiplesescolesdegurb\/wp-json\/wp\/v2\/posts"}],"about":[{"href":"https:\/\/agora.xtec.cat\/ceiplesescolesdegurb\/wp-json\/wp\/v2\/types\/post"}],"author":[{"embeddable":true,"href":"https:\/\/agora.xtec.cat\/ceiplesescolesdegurb\/wp-json\/wp\/v2\/users\/1"}],"replies":[{"embeddable":true,"href":"https:\/\/agora.xtec.cat\/ceiplesescolesdegurb\/wp-json\/wp\/v2\/comments?post=4212"}],"version-history":[{"count":1,"href":"https:\/\/agora.xtec.cat\/ceiplesescolesdegurb\/wp-json\/wp\/v2\/posts\/4212\/revisions"}],"predecessor-version":[{"id":4213,"href":"https:\/\/agora.xtec.cat\/ceiplesescolesdegurb\/wp-json\/wp\/v2\/posts\/4212\/revisions\/4213"}],"wp:attachment":[{"href":"https:\/\/agora.xtec.cat\/ceiplesescolesdegurb\/wp-json\/wp\/v2\/media?parent=4212"}],"wp:term":[{"taxonomy":"category","embeddable":true,"href":"https:\/\/agora.xtec.cat\/ceiplesescolesdegurb\/wp-json\/wp\/v2\/categories?post=4212"},{"taxonomy":"post_tag","embeddable":true,"href":"https:\/\/agora.xtec.cat\/ceiplesescolesdegurb\/wp-json\/wp\/v2\/tags?post=4212"}],"curies":[{"name":"wp","href":"https:\/\/api.w.org\/{rel}","templated":true}]}}