{"id":4177,"date":"2024-02-25T11:10:45","date_gmt":"2024-02-25T10:10:45","guid":{"rendered":"https:\/\/agora.xtec.cat\/ceiplesescolesdegurb\/?p=4177"},"modified":"2024-03-11T11:14:41","modified_gmt":"2024-03-11T10:14:41","slug":"tallers-de-plastic","status":"publish","type":"post","link":"https:\/\/agora.xtec.cat\/ceiplesescolesdegurb\/cicle-grans\/tallers-de-plastic\/","title":{"rendered":"Tallers de pl\u00e0stic"},"content":{"rendered":"<p><img decoding=\"async\" src=\"http:\/\/blocs.xtec.cat\/lesescolesdegurb2014\/files\/2024\/02\/Captura.jpg\" \/><\/p>\n<p>Avui us volem ensenyar qu\u00e8 fem als tallers pl\u00e0stica i com ens organitzem.<\/p>\n<p style=\"text-align: justify;\">Tot el cicle de grans (4t, 5\u00e8 i 6\u00e8) ens barregem i fem 8 grups de 17-18 alumnes de totes les edats. Aquests grups es distribueixen a diferents aules on es treballa els diferents tallers de pl\u00e0stica. Cada taller t\u00e9 una duraci\u00f3 de 4 sessions i un cop l\u2019hem acabat anem a una altre aula per fer una altra proposta pl\u00e0stica.<!--more--><\/p>\n<p style=\"text-align: justify;\">A l\u2019inici dels tallers\u00a0les mestres ho relacionen amb la l\u00ednia del temps, \u00e9s a dir, ens situen a quina \u00e8poca hist\u00f2rica es troba el moviment en el qual pertanyen. Llavors, ens expliquen les seves caracter\u00edstiques m\u00e9s importants i, per acabar, fem la creaci\u00f3 pl\u00e0stica.<\/p>\n<p style=\"text-align: justify;\">Ara pensareu\u2026 quins tallers treballem? Doncs aqu\u00ed els teniu: Digital art, el cubisme, l\u2019art abstracte i els escuts medievals.<\/p>\n<p style=\"text-align: justify;\">Ens ho passem d\u2019all\u00f2 m\u00e9s b\u00e9 i, a m\u00e9s, ens ajuda a:<\/p>\n<ul>\n<li style=\"text-align: justify;\">Desenvolupar i potenciar la capacitat expressiva, creadora i la imaginaci\u00f3.<\/li>\n<li style=\"text-align: justify;\">Con\u00e8ixer diferents t\u00e8cniques art\u00edstiques.<\/li>\n<li style=\"text-align: justify;\">Promou l\u2019expressi\u00f3 pl\u00e0stica de manera respectuosa i adaptada al ritme del nen\/nena.<\/li>\n<li style=\"text-align: justify;\">Contribueix a integrar aspectes com ara el pensament, l\u2019acci\u00f3 i el sentiment.<\/li>\n<li style=\"text-align: justify;\">Ajuda a la formaci\u00f3 d\u2019un criteri est\u00e8tic.<\/li>\n<li style=\"text-align: justify;\">Estimula i refor\u00e7a el desenvolupament de la personalitat.<\/li>\n<li style=\"text-align: justify;\">Millora el proc\u00e9s de col\u00b7laboraci\u00f3 en grup o equip.<\/li>\n<\/ul>\n","protected":false},"excerpt":{"rendered":"<p>Avui us volem ensenyar qu\u00e8 fem als tallers pl\u00e0stica i com ens organitzem. Tot el cicle de grans (4t, 5\u00e8 i 6\u00e8) ens barregem i fem 8 grups de 17-18 alumnes de totes les edats. Aquests grups es distribueixen a diferents aules on es treballa els diferents tallers de pl\u00e0stica. Cada taller t\u00e9 una duraci\u00f3 [&hellip;]<\/p>\n","protected":false},"author":1,"featured_media":0,"comment_status":"closed","ping_status":"closed","sticky":false,"template":"","format":"standard","meta":{"_bbp_topic_count":0,"_bbp_reply_count":0,"_bbp_total_topic_count":0,"_bbp_total_reply_count":0,"_bbp_voice_count":0,"_bbp_anonymous_reply_count":0,"_bbp_topic_count_hidden":0,"_bbp_reply_count_hidden":0,"_bbp_forum_subforum_count":0,"site-sidebar-layout":"default","site-content-layout":"","ast-site-content-layout":"","site-content-style":"default","site-sidebar-style":"default","ast-global-header-display":"","ast-banner-title-visibility":"","ast-main-header-display":"","ast-hfb-above-header-display":"","ast-hfb-below-header-display":"","ast-hfb-mobile-header-display":"","site-post-title":"","ast-breadcrumbs-content":"","ast-featured-img":"","footer-sml-layout":"","theme-transparent-header-meta":"","adv-header-id-meta":"","stick-header-meta":"","header-above-stick-meta":"","header-main-stick-meta":"","header-below-stick-meta":"","astra-migrate-meta-layouts":"default","ast-page-background-enabled":"default","ast-page-background-meta":{"desktop":{"background-color":"var(--ast-global-color-4)","background-image":"","background-repeat":"repeat","background-position":"center center","background-size":"auto","background-attachment":"scroll","background-type":"","background-media":"","overlay-type":"","overlay-color":"","overlay-opacity":"","overlay-gradient":""},"tablet":{"background-color":"","background-image":"","background-repeat":"repeat","background-position":"center center","background-size":"auto","background-attachment":"scroll","background-type":"","background-media":"","overlay-type":"","overlay-color":"","overlay-opacity":"","overlay-gradient":""},"mobile":{"background-color":"","background-image":"","background-repeat":"repeat","background-position":"center center","background-size":"auto","background-attachment":"scroll","background-type":"","background-media":"","overlay-type":"","overlay-color":"","overlay-opacity":"","overlay-gradient":""}},"ast-content-background-meta":{"desktop":{"background-color":"var(--ast-global-color-5)","background-image":"","background-repeat":"repeat","background-position":"center center","background-size":"auto","background-attachment":"scroll","background-type":"","background-media":"","overlay-type":"","overlay-color":"","overlay-opacity":"","overlay-gradient":""},"tablet":{"background-color":"var(--ast-global-color-5)","background-image":"","background-repeat":"repeat","background-position":"center center","background-size":"auto","background-attachment":"scroll","background-type":"","background-media":"","overlay-type":"","overlay-color":"","overlay-opacity":"","overlay-gradient":""},"mobile":{"background-color":"var(--ast-global-color-5)","background-image":"","background-repeat":"repeat","background-position":"center center","background-size":"auto","background-attachment":"scroll","background-type":"","background-media":"","overlay-type":"","overlay-color":"","overlay-opacity":"","overlay-gradient":""}},"footnotes":""},"categories":[116,115],"tags":[],"class_list":["post-4177","post","type-post","status-publish","format-standard","hentry","category-4t-cicle-grans","category-cicle-grans"],"post_mailing_queue_ids":[],"_links":{"self":[{"href":"https:\/\/agora.xtec.cat\/ceiplesescolesdegurb\/wp-json\/wp\/v2\/posts\/4177","targetHints":{"allow":["GET"]}}],"collection":[{"href":"https:\/\/agora.xtec.cat\/ceiplesescolesdegurb\/wp-json\/wp\/v2\/posts"}],"about":[{"href":"https:\/\/agora.xtec.cat\/ceiplesescolesdegurb\/wp-json\/wp\/v2\/types\/post"}],"author":[{"embeddable":true,"href":"https:\/\/agora.xtec.cat\/ceiplesescolesdegurb\/wp-json\/wp\/v2\/users\/1"}],"replies":[{"embeddable":true,"href":"https:\/\/agora.xtec.cat\/ceiplesescolesdegurb\/wp-json\/wp\/v2\/comments?post=4177"}],"version-history":[{"count":2,"href":"https:\/\/agora.xtec.cat\/ceiplesescolesdegurb\/wp-json\/wp\/v2\/posts\/4177\/revisions"}],"predecessor-version":[{"id":4183,"href":"https:\/\/agora.xtec.cat\/ceiplesescolesdegurb\/wp-json\/wp\/v2\/posts\/4177\/revisions\/4183"}],"wp:attachment":[{"href":"https:\/\/agora.xtec.cat\/ceiplesescolesdegurb\/wp-json\/wp\/v2\/media?parent=4177"}],"wp:term":[{"taxonomy":"category","embeddable":true,"href":"https:\/\/agora.xtec.cat\/ceiplesescolesdegurb\/wp-json\/wp\/v2\/categories?post=4177"},{"taxonomy":"post_tag","embeddable":true,"href":"https:\/\/agora.xtec.cat\/ceiplesescolesdegurb\/wp-json\/wp\/v2\/tags?post=4177"}],"curies":[{"name":"wp","href":"https:\/\/api.w.org\/{rel}","templated":true}]}}