{"id":3824,"date":"2023-10-19T21:03:02","date_gmt":"2023-10-19T19:03:02","guid":{"rendered":"https:\/\/agora.xtec.cat\/ceiplesescolesdegurb\/?p=3824"},"modified":"2024-03-11T16:34:05","modified_gmt":"2024-03-11T15:34:05","slug":"jubilacio-merce-rosa","status":"publish","type":"post","link":"https:\/\/agora.xtec.cat\/ceiplesescolesdegurb\/portada\/jubilacio-merce-rosa\/","title":{"rendered":"Jubilaci\u00f3 Merc\u00e8 Rosa"},"content":{"rendered":"<p><img loading=\"lazy\" decoding=\"async\" class=\"alignleft size-full wp-image-3825\" src=\"https:\/\/agora.xtec.cat\/ceiplesescolesdegurb\/wp-content\/uploads\/usu970\/2023\/10\/Jubilacio-Merce-Rosa.png\" alt=\"\" width=\"650\" height=\"650\" srcset=\"https:\/\/agora.xtec.cat\/ceiplesescolesdegurb\/wp-content\/uploads\/usu970\/2023\/10\/Jubilacio-Merce-Rosa.png 650w, https:\/\/agora.xtec.cat\/ceiplesescolesdegurb\/wp-content\/uploads\/usu970\/2023\/10\/Jubilacio-Merce-Rosa-300x300.png 300w, https:\/\/agora.xtec.cat\/ceiplesescolesdegurb\/wp-content\/uploads\/usu970\/2023\/10\/Jubilacio-Merce-Rosa-150x150.png 150w\" sizes=\"auto, (max-width: 650px) 100vw, 650px\" \/><\/p>\n<p style=\"text-align: justify;\">LA MERC\u00c8 ROSA, ES JUBILA! Aquest setembre, la Merc\u00e8 Rosa es va jubilar, despr\u00e9s de dedicar un munt d&#8217;anys a fer de mestra a la nostra escola.<!--more--><br \/>\nA l&#8217;escola li vam dedicar un petit comiat molt emotiu, acompanyada d&#8217;un fort aplaudiment de tots els infants des\u00a0d&#8217;I3\u00a0fins a 6\u00e8 de prim\u00e0ria i companys\/es.<br \/>\nNom\u00e9s li podem dir gr\u00e0cies a aquesta mestra que ha dedicat\u00a0<span class=\"hiddenGreenError\">20<\/span>\u00a0anys a la doc\u00e8ncia en la nostra escola, durant els quals ha estat exemple del que significa una educaci\u00f3 familiar i propera, en la qual la formaci\u00f3 integral i inclusiva de l&#8217;infant \u00e9s el m\u00e9s important.<br \/>\nNo et volem dir\u00a0adeu, perqu\u00e8 segur que ens veurem de tant en tant, per\u00f2 si et volem dir que t&#8217;enyorarem, perqu\u00e8 deixar\u00e0s de venir amb la const\u00e0ncia que ho feies i notarem el buit que deixar\u00e0s.<br \/>\nEls seus companys i companyes et desitgem el millor en aquesta nova etapa!<br \/>\nMoltes gr\u00e0cies per tot el\u00a0que\u00a0has compartit amb nosaltres!<\/p>\n","protected":false},"excerpt":{"rendered":"<p>LA MERC\u00c8 ROSA, ES JUBILA! Aquest setembre, la Merc\u00e8 Rosa es va jubilar, despr\u00e9s de dedicar un munt d&#8217;anys a fer de mestra a la nostra escola.<\/p>\n","protected":false},"author":1,"featured_media":0,"comment_status":"closed","ping_status":"closed","sticky":false,"template":"","format":"standard","meta":{"_bbp_topic_count":0,"_bbp_reply_count":0,"_bbp_total_topic_count":0,"_bbp_total_reply_count":0,"_bbp_voice_count":0,"_bbp_anonymous_reply_count":0,"_bbp_topic_count_hidden":0,"_bbp_reply_count_hidden":0,"_bbp_forum_subforum_count":0,"site-sidebar-layout":"default","site-content-layout":"","ast-site-content-layout":"","site-content-style":"default","site-sidebar-style":"default","ast-global-header-display":"","ast-banner-title-visibility":"","ast-main-header-display":"","ast-hfb-above-header-display":"","ast-hfb-below-header-display":"","ast-hfb-mobile-header-display":"","site-post-title":"","ast-breadcrumbs-content":"","ast-featured-img":"","footer-sml-layout":"","theme-transparent-header-meta":"","adv-header-id-meta":"","stick-header-meta":"","header-above-stick-meta":"","header-main-stick-meta":"","header-below-stick-meta":"","astra-migrate-meta-layouts":"default","ast-page-background-enabled":"default","ast-page-background-meta":{"desktop":{"background-color":"var(--ast-global-color-4)","background-image":"","background-repeat":"repeat","background-position":"center center","background-size":"auto","background-attachment":"scroll","background-type":"","background-media":"","overlay-type":"","overlay-color":"","overlay-opacity":"","overlay-gradient":""},"tablet":{"background-color":"","background-image":"","background-repeat":"repeat","background-position":"center center","background-size":"auto","background-attachment":"scroll","background-type":"","background-media":"","overlay-type":"","overlay-color":"","overlay-opacity":"","overlay-gradient":""},"mobile":{"background-color":"","background-image":"","background-repeat":"repeat","background-position":"center center","background-size":"auto","background-attachment":"scroll","background-type":"","background-media":"","overlay-type":"","overlay-color":"","overlay-opacity":"","overlay-gradient":""}},"ast-content-background-meta":{"desktop":{"background-color":"var(--ast-global-color-5)","background-image":"","background-repeat":"repeat","background-position":"center center","background-size":"auto","background-attachment":"scroll","background-type":"","background-media":"","overlay-type":"","overlay-color":"","overlay-opacity":"","overlay-gradient":""},"tablet":{"background-color":"var(--ast-global-color-5)","background-image":"","background-repeat":"repeat","background-position":"center center","background-size":"auto","background-attachment":"scroll","background-type":"","background-media":"","overlay-type":"","overlay-color":"","overlay-opacity":"","overlay-gradient":""},"mobile":{"background-color":"var(--ast-global-color-5)","background-image":"","background-repeat":"repeat","background-position":"center center","background-size":"auto","background-attachment":"scroll","background-type":"","background-media":"","overlay-type":"","overlay-color":"","overlay-opacity":"","overlay-gradient":""}},"footnotes":""},"categories":[124,4],"tags":[],"class_list":["post-3824","post","type-post","status-publish","format-standard","hentry","category-informacions-escola","category-portada"],"post_mailing_queue_ids":[],"_links":{"self":[{"href":"https:\/\/agora.xtec.cat\/ceiplesescolesdegurb\/wp-json\/wp\/v2\/posts\/3824","targetHints":{"allow":["GET"]}}],"collection":[{"href":"https:\/\/agora.xtec.cat\/ceiplesescolesdegurb\/wp-json\/wp\/v2\/posts"}],"about":[{"href":"https:\/\/agora.xtec.cat\/ceiplesescolesdegurb\/wp-json\/wp\/v2\/types\/post"}],"author":[{"embeddable":true,"href":"https:\/\/agora.xtec.cat\/ceiplesescolesdegurb\/wp-json\/wp\/v2\/users\/1"}],"replies":[{"embeddable":true,"href":"https:\/\/agora.xtec.cat\/ceiplesescolesdegurb\/wp-json\/wp\/v2\/comments?post=3824"}],"version-history":[{"count":3,"href":"https:\/\/agora.xtec.cat\/ceiplesescolesdegurb\/wp-json\/wp\/v2\/posts\/3824\/revisions"}],"predecessor-version":[{"id":3828,"href":"https:\/\/agora.xtec.cat\/ceiplesescolesdegurb\/wp-json\/wp\/v2\/posts\/3824\/revisions\/3828"}],"wp:attachment":[{"href":"https:\/\/agora.xtec.cat\/ceiplesescolesdegurb\/wp-json\/wp\/v2\/media?parent=3824"}],"wp:term":[{"taxonomy":"category","embeddable":true,"href":"https:\/\/agora.xtec.cat\/ceiplesescolesdegurb\/wp-json\/wp\/v2\/categories?post=3824"},{"taxonomy":"post_tag","embeddable":true,"href":"https:\/\/agora.xtec.cat\/ceiplesescolesdegurb\/wp-json\/wp\/v2\/tags?post=3824"}],"curies":[{"name":"wp","href":"https:\/\/api.w.org\/{rel}","templated":true}]}}