{"id":3299,"date":"2022-02-14T12:30:42","date_gmt":"2022-02-14T11:30:42","guid":{"rendered":"https:\/\/agora.xtec.cat\/ceiplesescolesdegurb\/?p=3299"},"modified":"2022-03-02T12:58:19","modified_gmt":"2022-03-02T11:58:19","slug":"programa-mid","status":"publish","type":"post","link":"https:\/\/agora.xtec.cat\/ceiplesescolesdegurb\/general\/programa-mid\/","title":{"rendered":"Programa MID"},"content":{"rendered":"<p><a href=\"https:\/\/agora.xtec.cat\/ceiplesescolesdegurb\/wp-content\/uploads\/usu970\/2022\/02\/MID-UVIC.png\"><img loading=\"lazy\" decoding=\"async\" class=\"alignleft wp-image-3300\" src=\"https:\/\/agora.xtec.cat\/ceiplesescolesdegurb\/wp-content\/uploads\/usu970\/2022\/02\/MID-UVIC.png\" alt=\"\" width=\"517\" height=\"291\" srcset=\"https:\/\/agora.xtec.cat\/ceiplesescolesdegurb\/wp-content\/uploads\/usu970\/2022\/02\/MID-UVIC.png 1536w, https:\/\/agora.xtec.cat\/ceiplesescolesdegurb\/wp-content\/uploads\/usu970\/2022\/02\/MID-UVIC-300x169.png 300w, https:\/\/agora.xtec.cat\/ceiplesescolesdegurb\/wp-content\/uploads\/usu970\/2022\/02\/MID-UVIC-1024x576.png 1024w, https:\/\/agora.xtec.cat\/ceiplesescolesdegurb\/wp-content\/uploads\/usu970\/2022\/02\/MID-UVIC-768x432.png 768w\" sizes=\"auto, (max-width: 517px) 100vw, 517px\" \/><\/a><\/p>\n<p style=\"text-align: justify;\">Aquest curs, com a novetat el centre participa del Programa en Mentoratge i Identitat Docent (MID) que organitza la Facultat d\u2019Educaci\u00f3, Traducci\u00f3 i Ci\u00e8ncies Humanes de la Universitat de Vic.<\/p>\n<p style=\"text-align: justify;\">El nostre centre des d\u2019aquest mes de febrer fins a final de curs, acollir\u00e0 10 estudiants del doble grau en Ci\u00e8ncies de l\u2019Activitat F\u00edsica i de l\u2019Esport (CAFE) i Mestre d\u2019Educaci\u00f3 Prim\u00e0ria (MEP) amb menci\u00f3 d\u2019educaci\u00f3 f\u00edsica, el dimarts al mat\u00ed.<!--more--><\/p>\n<p style=\"text-align: justify;\">Aquests estudiants tindran assignat un docent com a mentor\/a, i estaran ubicats als cursos seg\u00fcents: 2nA, 3rA, 3rB, 3rC, 5\u00e8A, 5\u00e8B, 5\u00e8C, 6\u00e8A, 6\u00e8B, 6\u00e8C.<\/p>\n<p style=\"text-align: justify;\">Aquesta estada permetr\u00e0 a l\u2019estudiant tenir un primer contacte amb l\u2019escola i con\u00e8ixer-la des de l\u2019inici del grau, fet que suposar\u00e0 aproximar-se al funcionament de l\u2019escola afavorint una reflexi\u00f3 constant del dia a dia a les aules.<\/p>\n<p style=\"text-align: justify;\">Estem segurs que ser\u00e0 una bona oportunitat per aprendre tots junts!<\/p>\n<p style=\"text-align: justify;\">\n","protected":false},"excerpt":{"rendered":"<p>Aquest curs, com a novetat el centre participa del Programa en Mentoratge i Identitat Docent (MID) que organitza la Facultat d\u2019Educaci\u00f3, Traducci\u00f3 i Ci\u00e8ncies Humanes de la Universitat de Vic. El nostre centre des d\u2019aquest mes de febrer fins a final de curs, acollir\u00e0 10 estudiants del doble grau en Ci\u00e8ncies de l\u2019Activitat F\u00edsica i [&hellip;]<\/p>\n","protected":false},"author":1,"featured_media":0,"comment_status":"closed","ping_status":"closed","sticky":false,"template":"","format":"standard","meta":{"_bbp_topic_count":0,"_bbp_reply_count":0,"_bbp_total_topic_count":0,"_bbp_total_reply_count":0,"_bbp_voice_count":0,"_bbp_anonymous_reply_count":0,"_bbp_topic_count_hidden":0,"_bbp_reply_count_hidden":0,"_bbp_forum_subforum_count":0,"site-sidebar-layout":"default","site-content-layout":"","ast-site-content-layout":"","site-content-style":"default","site-sidebar-style":"default","ast-global-header-display":"","ast-banner-title-visibility":"","ast-main-header-display":"","ast-hfb-above-header-display":"","ast-hfb-below-header-display":"","ast-hfb-mobile-header-display":"","site-post-title":"","ast-breadcrumbs-content":"","ast-featured-img":"","footer-sml-layout":"","theme-transparent-header-meta":"","adv-header-id-meta":"","stick-header-meta":"","header-above-stick-meta":"","header-main-stick-meta":"","header-below-stick-meta":"","astra-migrate-meta-layouts":"default","ast-page-background-enabled":"default","ast-page-background-meta":{"desktop":{"background-color":"var(--ast-global-color-4)","background-image":"","background-repeat":"repeat","background-position":"center center","background-size":"auto","background-attachment":"scroll","background-type":"","background-media":"","overlay-type":"","overlay-color":"","overlay-opacity":"","overlay-gradient":""},"tablet":{"background-color":"","background-image":"","background-repeat":"repeat","background-position":"center center","background-size":"auto","background-attachment":"scroll","background-type":"","background-media":"","overlay-type":"","overlay-color":"","overlay-opacity":"","overlay-gradient":""},"mobile":{"background-color":"","background-image":"","background-repeat":"repeat","background-position":"center center","background-size":"auto","background-attachment":"scroll","background-type":"","background-media":"","overlay-type":"","overlay-color":"","overlay-opacity":"","overlay-gradient":""}},"ast-content-background-meta":{"desktop":{"background-color":"var(--ast-global-color-5)","background-image":"","background-repeat":"repeat","background-position":"center center","background-size":"auto","background-attachment":"scroll","background-type":"","background-media":"","overlay-type":"","overlay-color":"","overlay-opacity":"","overlay-gradient":""},"tablet":{"background-color":"var(--ast-global-color-5)","background-image":"","background-repeat":"repeat","background-position":"center center","background-size":"auto","background-attachment":"scroll","background-type":"","background-media":"","overlay-type":"","overlay-color":"","overlay-opacity":"","overlay-gradient":""},"mobile":{"background-color":"var(--ast-global-color-5)","background-image":"","background-repeat":"repeat","background-position":"center center","background-size":"auto","background-attachment":"scroll","background-type":"","background-media":"","overlay-type":"","overlay-color":"","overlay-opacity":"","overlay-gradient":""}},"footnotes":""},"categories":[1,4],"tags":[],"class_list":["post-3299","post","type-post","status-publish","format-standard","hentry","category-general","category-portada"],"post_mailing_queue_ids":[],"_links":{"self":[{"href":"https:\/\/agora.xtec.cat\/ceiplesescolesdegurb\/wp-json\/wp\/v2\/posts\/3299","targetHints":{"allow":["GET"]}}],"collection":[{"href":"https:\/\/agora.xtec.cat\/ceiplesescolesdegurb\/wp-json\/wp\/v2\/posts"}],"about":[{"href":"https:\/\/agora.xtec.cat\/ceiplesescolesdegurb\/wp-json\/wp\/v2\/types\/post"}],"author":[{"embeddable":true,"href":"https:\/\/agora.xtec.cat\/ceiplesescolesdegurb\/wp-json\/wp\/v2\/users\/1"}],"replies":[{"embeddable":true,"href":"https:\/\/agora.xtec.cat\/ceiplesescolesdegurb\/wp-json\/wp\/v2\/comments?post=3299"}],"version-history":[{"count":3,"href":"https:\/\/agora.xtec.cat\/ceiplesescolesdegurb\/wp-json\/wp\/v2\/posts\/3299\/revisions"}],"predecessor-version":[{"id":3336,"href":"https:\/\/agora.xtec.cat\/ceiplesescolesdegurb\/wp-json\/wp\/v2\/posts\/3299\/revisions\/3336"}],"wp:attachment":[{"href":"https:\/\/agora.xtec.cat\/ceiplesescolesdegurb\/wp-json\/wp\/v2\/media?parent=3299"}],"wp:term":[{"taxonomy":"category","embeddable":true,"href":"https:\/\/agora.xtec.cat\/ceiplesescolesdegurb\/wp-json\/wp\/v2\/categories?post=3299"},{"taxonomy":"post_tag","embeddable":true,"href":"https:\/\/agora.xtec.cat\/ceiplesescolesdegurb\/wp-json\/wp\/v2\/tags?post=3299"}],"curies":[{"name":"wp","href":"https:\/\/api.w.org\/{rel}","templated":true}]}}