{"id":2602,"date":"2020-09-18T08:00:08","date_gmt":"2020-09-18T06:00:08","guid":{"rendered":"http:\/\/agora.xtec.cat\/ceiplesescolesdegurb\/?p=2602"},"modified":"2020-09-17T18:05:35","modified_gmt":"2020-09-17T16:05:35","slug":"aula-virtual-classroom","status":"publish","type":"post","link":"https:\/\/agora.xtec.cat\/ceiplesescolesdegurb\/portada\/aula-virtual-classroom\/","title":{"rendered":"AULA VIRTUAL CLASSROOM"},"content":{"rendered":"<p>Benvolgudes fam\u00edlies,<\/p>\n<p>La situaci\u00f3 actual estableix la necessitat de plantejar un escenari on \u00e9s imprescindible una resposta que ofereixi la continu\u00eftat de les classes, en modalitat telem\u00e0tica, de manera r\u00e0pida i segura davant casos de possibles interrupcions de l\u2019escola presencial durant el curs 2020-2021.<\/p>\n<p>Les conseq\u00fc\u00e8ncies de la pand\u00e8mia i el llarg confinament viscut el curs passat, ha posat de relleu la necessitat de seguir mantenint, malgrat la dist\u00e0ncia, els lla\u00e7os socials i afectius propis del proc\u00e9s de socialitzaci\u00f3 que es dona en el context escolar. Una manera de mantenir el vincle i de seguir tenint cura cap a l\u2019infant des de l\u2019escola en els moments de no presencialitat \u00e9s a trav\u00e9s de les noves tecnologies.<\/p>\n<p>Fruit de totes les valoracions i an\u00e0lisi de les diferents situacions viscudes, de cara a aquest curs volem fer servir les aplicacions que ofereix\u00a0 \u201cGoogle APPS for education\u201d a partir del domini \u201clesescoles\u201d en els cursos de 1r a 6\u00e8. Per educaci\u00f3 infantil, de moment aquesta plataforma no s\u2019utilitzar\u00e0.<\/p>\n<p>Una altra eina interessant que ofereix aquest entorn \u00e9s el \u201cClassroom\u201d. Aquesta eina permet gestionar una aula a trav\u00e9s d\u2019internet, de forma intu\u00eftiva i senzilla, proporcionant un espai telem\u00e0tic segur. \u00c9s una plataforma que compleix la normativa de la Comunitat Europea en quant a la protecci\u00f3 de dades de menors.<\/p>\n<p>La coordinadora d\u2019inform\u00e0tica crear\u00e0 el correu electr\u00f2nic per cada alumne\/a i en ser\u00e0 l\u2019administradora. Per garantir la protecci\u00f3 de dades dels menors es concreten les seg\u00fcents mesures de seguretat:<\/p>\n<ul>\n<li>L\u2019adre\u00e7a dels correus estar\u00e0 formada per les dues darreres xifres de l\u2019any de promoci\u00f3, la inicial del nom de l\u2019infant i el primer cognom <a href=\"mailto:13pvilar@lesescoles.cat\">13pvilar@lesescoles.cat<\/a><\/li>\n<li>Es crear\u00e0 un filtre a l\u2019entorn virtual que no permetr\u00e0 que entri ni surti cap correu electr\u00f2nic que no sigui de la plataforma. Per tant, els infants nom\u00e9s podran escriure i rebre correus de persones que tinguin el correu amb el domini @lesescoles.cat<\/li>\n<li>La contrasenya que es generar\u00e0 d\u2019aquest correu no es podr\u00e0 modificar. Tant l\u2019equip docent com la fam\u00edlia podr\u00e0 con\u00e8ixer la contrasenya, i fer un seguiment de l\u2019\u00fas d\u2019aquest.<\/li>\n<li>Caldr\u00e0 que les fam\u00edlies signin pr\u00e8viament el document d\u2019autoritzaci\u00f3 a la creaci\u00f3 d\u2019aquest correu.<\/li>\n<\/ul>\n<p>Donat que l\u2019\u00fas de serveis i recursos digitals a Internet amb alumnes menors de 14 anys ha d\u2019estar autoritzat pels seus pares i\/o tutors us demanem que ens retorneu signada autoritzaci\u00f3 que us adjuntem.<\/p>\n<p>Un cop disposem d\u2019aquesta autoritzaci\u00f3, el vostre tutor\/a us far\u00e0 arribar un sobre tancat, on hi constar\u00e0 l\u2019adre\u00e7a del vostre fill\/a i la contrasenya, que en cap cas es podr\u00e0 canviar. \u00c9s important que els pares sigueu coneixedors d\u2019aquesta contrasenya. Tamb\u00e9 us animem a vetllar perqu\u00e8 els vostres fills facin un bon \u00fas del compte i davant de qualsevol incid\u00e8ncia us poseu amb contacte amb el vostre tutor\/a. Aquest compte acompanyar\u00e0 als vostres fills durant tota l\u2019escolaritzaci\u00f3 i un cop marxin, s\u2019eliminar\u00e0.<\/p>\n<p>L\u2019equip de mestres s\u2019encarregar\u00e0, a trav\u00e9s d\u2019aquesta plataforma, de crear una aula virtual propera, agradable, on penjar recursos, v\u00eddeos interessants, proposar reptes, activitats&#8230; de manera que esdevingui un espai d\u2019intercanvi tant des del mestre o de la mestra cap als infants, com entre els propis infants: assist\u00e8ncia a trobades telem\u00e0tiques, compartir tasques, deixar-se comentaris&#8230;. A m\u00e9s, la plataforma permet compartir recursos que restaran disponibles en l\u00ednia i que es podran recuperar en qualsevol moment.<\/p>\n<p>L\u2019objectiu del classroom \u00e9s que els vostres fills i filles estiguin en contacte amb la\/el mestra en per\u00edodes de confinament, o en el cas dels grans, quan es cregui oport\u00fa. En cap cas aquest correu es far\u00e0 servir per comunicar-se amb el tutor\/a. Recordeu que els canals de comunicaci\u00f3 fam\u00edlia-escola per ordre de prefer\u00e8ncia continuen sent, principalment les agendes escolars, i en el cas d\u2019educaci\u00f3 infantil a trav\u00e9s d\u2019una nota escrita, el correu del centre o el tel\u00e8fon de l\u2019escola.<\/p>\n<p>Us adjuntem un video amb una breu explicaci\u00f3 perqu\u00e8 veieu aquest entorn virtual i us hi comenceu a familiaritzar. Properament, a les reunions de classe podreu resoldre dubtes si s\u2019escau.<\/p>\n<div class=\"ast-oembed-container \" style=\"height: 100%;\"><iframe loading=\"lazy\" title=\"Classroom Alumnat -  Entra al classroom\" width=\"500\" height=\"281\" src=\"https:\/\/www.youtube.com\/embed\/BvpItdzLiqI?feature=oembed\" frameborder=\"0\" allow=\"accelerometer; autoplay; clipboard-write; encrypted-media; gyroscope; picture-in-picture; web-share\" referrerpolicy=\"strict-origin-when-cross-origin\" allowfullscreen><\/iframe><\/div>\n<p>I finalment dir-vos que per qualsevol altre dubte que tingueu sobre aquest tema, no dubteu a parlar-ho amb nosaltres, sobretot, <strong>cal retornar l\u2019autoritzaci\u00f3 el m\u00e9s aviat possible per tal que l\u2019equip docent pugui preparar aquest entorn virtual. ( com a molt tard dimarts 22 de setembre)<\/strong><\/p>\n<p><a href=\"https:\/\/agora.xtec.cat\/ceiplesescolesdegurb\/wp-content\/uploads\/usu970\/2020\/09\/autoritzacio-classroom.pdf\">autoritzaci\u00f3 classroom<\/a><\/p>\n<p>Ben cordialment,<\/p>\n<p>Coordinadores TAC i Equip Directiu<\/p>\n<p>Gurb, divendres 18 de setembre de 2020<\/p>\n","protected":false},"excerpt":{"rendered":"<p>Benvolgudes fam\u00edlies, La situaci\u00f3 actual estableix la necessitat de plantejar un escenari on \u00e9s imprescindible una resposta que ofereixi la continu\u00eftat de les classes, en modalitat telem\u00e0tica, de manera r\u00e0pida i segura davant casos de possibles interrupcions de l\u2019escola presencial durant el curs 2020-2021. Les conseq\u00fc\u00e8ncies de la pand\u00e8mia i el llarg confinament viscut el [&hellip;]<\/p>\n","protected":false},"author":1,"featured_media":0,"comment_status":"closed","ping_status":"closed","sticky":false,"template":"","format":"standard","meta":{"_bbp_topic_count":0,"_bbp_reply_count":0,"_bbp_total_topic_count":0,"_bbp_total_reply_count":0,"_bbp_voice_count":0,"_bbp_anonymous_reply_count":0,"_bbp_topic_count_hidden":0,"_bbp_reply_count_hidden":0,"_bbp_forum_subforum_count":0,"site-sidebar-layout":"default","site-content-layout":"","ast-site-content-layout":"","site-content-style":"default","site-sidebar-style":"default","ast-global-header-display":"","ast-banner-title-visibility":"","ast-main-header-display":"","ast-hfb-above-header-display":"","ast-hfb-below-header-display":"","ast-hfb-mobile-header-display":"","site-post-title":"","ast-breadcrumbs-content":"","ast-featured-img":"","footer-sml-layout":"","theme-transparent-header-meta":"","adv-header-id-meta":"","stick-header-meta":"","header-above-stick-meta":"","header-main-stick-meta":"","header-below-stick-meta":"","astra-migrate-meta-layouts":"default","ast-page-background-enabled":"default","ast-page-background-meta":{"desktop":{"background-color":"var(--ast-global-color-4)","background-image":"","background-repeat":"repeat","background-position":"center center","background-size":"auto","background-attachment":"scroll","background-type":"","background-media":"","overlay-type":"","overlay-color":"","overlay-opacity":"","overlay-gradient":""},"tablet":{"background-color":"","background-image":"","background-repeat":"repeat","background-position":"center center","background-size":"auto","background-attachment":"scroll","background-type":"","background-media":"","overlay-type":"","overlay-color":"","overlay-opacity":"","overlay-gradient":""},"mobile":{"background-color":"","background-image":"","background-repeat":"repeat","background-position":"center center","background-size":"auto","background-attachment":"scroll","background-type":"","background-media":"","overlay-type":"","overlay-color":"","overlay-opacity":"","overlay-gradient":""}},"ast-content-background-meta":{"desktop":{"background-color":"var(--ast-global-color-5)","background-image":"","background-repeat":"repeat","background-position":"center center","background-size":"auto","background-attachment":"scroll","background-type":"","background-media":"","overlay-type":"","overlay-color":"","overlay-opacity":"","overlay-gradient":""},"tablet":{"background-color":"var(--ast-global-color-5)","background-image":"","background-repeat":"repeat","background-position":"center center","background-size":"auto","background-attachment":"scroll","background-type":"","background-media":"","overlay-type":"","overlay-color":"","overlay-opacity":"","overlay-gradient":""},"mobile":{"background-color":"var(--ast-global-color-5)","background-image":"","background-repeat":"repeat","background-position":"center center","background-size":"auto","background-attachment":"scroll","background-type":"","background-media":"","overlay-type":"","overlay-color":"","overlay-opacity":"","overlay-gradient":""}},"footnotes":""},"categories":[4],"tags":[],"class_list":["post-2602","post","type-post","status-publish","format-standard","hentry","category-portada"],"post_mailing_queue_ids":[],"_links":{"self":[{"href":"https:\/\/agora.xtec.cat\/ceiplesescolesdegurb\/wp-json\/wp\/v2\/posts\/2602","targetHints":{"allow":["GET"]}}],"collection":[{"href":"https:\/\/agora.xtec.cat\/ceiplesescolesdegurb\/wp-json\/wp\/v2\/posts"}],"about":[{"href":"https:\/\/agora.xtec.cat\/ceiplesescolesdegurb\/wp-json\/wp\/v2\/types\/post"}],"author":[{"embeddable":true,"href":"https:\/\/agora.xtec.cat\/ceiplesescolesdegurb\/wp-json\/wp\/v2\/users\/1"}],"replies":[{"embeddable":true,"href":"https:\/\/agora.xtec.cat\/ceiplesescolesdegurb\/wp-json\/wp\/v2\/comments?post=2602"}],"version-history":[{"count":3,"href":"https:\/\/agora.xtec.cat\/ceiplesescolesdegurb\/wp-json\/wp\/v2\/posts\/2602\/revisions"}],"predecessor-version":[{"id":2607,"href":"https:\/\/agora.xtec.cat\/ceiplesescolesdegurb\/wp-json\/wp\/v2\/posts\/2602\/revisions\/2607"}],"wp:attachment":[{"href":"https:\/\/agora.xtec.cat\/ceiplesescolesdegurb\/wp-json\/wp\/v2\/media?parent=2602"}],"wp:term":[{"taxonomy":"category","embeddable":true,"href":"https:\/\/agora.xtec.cat\/ceiplesescolesdegurb\/wp-json\/wp\/v2\/categories?post=2602"},{"taxonomy":"post_tag","embeddable":true,"href":"https:\/\/agora.xtec.cat\/ceiplesescolesdegurb\/wp-json\/wp\/v2\/tags?post=2602"}],"curies":[{"name":"wp","href":"https:\/\/api.w.org\/{rel}","templated":true}]}}