{"id":982,"date":"2017-12-15T12:14:04","date_gmt":"2017-12-15T11:14:04","guid":{"rendered":"http:\/\/agora.xtec.cat\/ceiplescodinetes\/?p=982"},"modified":"2017-12-15T12:48:33","modified_gmt":"2017-12-15T11:48:33","slug":"visita-a-la-biblioteca-de-la-nou-de-gaia","status":"publish","type":"post","link":"https:\/\/agora.xtec.cat\/ceiplescodinetes\/infantil\/visita-a-la-biblioteca-de-la-nou-de-gaia\/","title":{"rendered":"Visita a la biblioteca de la Nou de Gai\u00e0"},"content":{"rendered":"<p>Us deixem un recull de v\u00eddeos i fotos amb la visita que tots els alumnes del centre van fer a les instal\u00b7lacions de la biblioteca municipal de la Nou de Gai\u00e0.<\/p>\n<div>&#8220;La darrera setmana del novembre, l&#8217;alumnat del\u00a0centre va fer una sortida a la biblioteca de La Nou de Gai\u00e0. La Montse, la bibliotec\u00e0ria, va explicar com funcionava el pr\u00e9stec de llibres i va donar els carnets a aquells\/es alumnes que encara no el tenien. Despr\u00e9s, tots i totes van estar fent una ullada a aquells llibres recomanats per a la seva edat. I n&#8217;hi va haver que van aprofitar l&#8217;ocasi\u00f3 per agafar-ne algun en pr\u00e9stec.<\/div>\n<div>Caldr\u00e0 continuar visitant la biblioteca m\u00e9s sovint per no oblidar algunes normes, com que cal estar en silenci i que s&#8217;han de cuidar els llibres i el seu ordre, i acabar d&#8217;assolir-les.&#8221;<\/div>\n<div><\/div>\n<p style=\"text-align: center;\"><em><strong><a href=\"https:\/\/photos.app.goo.gl\/gts6VG3U8A8bYV4p2\">FOTOS DE LA VISITA<\/a><\/strong><\/em><\/p>\n<div class=\"ast-oembed-container \" style=\"height: 100%;\"><iframe loading=\"lazy\" title=\"Visita a la biblioteca 1\" width=\"500\" height=\"281\" src=\"https:\/\/www.youtube.com\/embed\/Ussn-3gXd2I?feature=oembed\" frameborder=\"0\" allow=\"accelerometer; autoplay; clipboard-write; encrypted-media; gyroscope; picture-in-picture; web-share\" referrerpolicy=\"strict-origin-when-cross-origin\" allowfullscreen><\/iframe><\/div>\n<div class=\"ast-oembed-container \" style=\"height: 100%;\"><iframe loading=\"lazy\" title=\"Visita biblioteca 2\" width=\"500\" height=\"281\" src=\"https:\/\/www.youtube.com\/embed\/l7HD5GI9Fr0?feature=oembed\" frameborder=\"0\" allow=\"accelerometer; autoplay; clipboard-write; encrypted-media; gyroscope; picture-in-picture; web-share\" referrerpolicy=\"strict-origin-when-cross-origin\" allowfullscreen><\/iframe><\/div>\n","protected":false},"excerpt":{"rendered":"<p>Us deixem un recull de v\u00eddeos i fotos amb la visita que tots els alumnes del centre van fer a les instal\u00b7lacions de la biblioteca municipal de la Nou de Gai\u00e0. &#8220;La darrera setmana del novembre, l&#8217;alumnat del\u00a0centre va fer una sortida a la biblioteca de La Nou de Gai\u00e0. La Montse, la bibliotec\u00e0ria, va [&hellip;]<\/p>\n","protected":false},"author":1,"featured_media":983,"comment_status":"open","ping_status":"closed","sticky":false,"template":"","format":"standard","meta":{"_bbp_topic_count":0,"_bbp_reply_count":0,"_bbp_total_topic_count":0,"_bbp_total_reply_count":0,"_bbp_voice_count":0,"_bbp_anonymous_reply_count":0,"_bbp_topic_count_hidden":0,"_bbp_reply_count_hidden":0,"_bbp_forum_subforum_count":0,"site-sidebar-layout":"default","site-content-layout":"","ast-site-content-layout":"","site-content-style":"default","site-sidebar-style":"default","ast-global-header-display":"","ast-banner-title-visibility":"","ast-main-header-display":"","ast-hfb-above-header-display":"","ast-hfb-below-header-display":"","ast-hfb-mobile-header-display":"","site-post-title":"","ast-breadcrumbs-content":"","ast-featured-img":"","footer-sml-layout":"","theme-transparent-header-meta":"","adv-header-id-meta":"","stick-header-meta":"","header-above-stick-meta":"","header-main-stick-meta":"","header-below-stick-meta":"","astra-migrate-meta-layouts":"default","ast-page-background-enabled":"default","ast-page-background-meta":{"desktop":{"background-color":"var(--ast-global-color-4)","background-image":"","background-repeat":"repeat","background-position":"center center","background-size":"auto","background-attachment":"scroll","background-type":"","background-media":"","overlay-type":"","overlay-color":"","overlay-opacity":"","overlay-gradient":""},"tablet":{"background-color":"","background-image":"","background-repeat":"repeat","background-position":"center center","background-size":"auto","background-attachment":"scroll","background-type":"","background-media":"","overlay-type":"","overlay-color":"","overlay-opacity":"","overlay-gradient":""},"mobile":{"background-color":"","background-image":"","background-repeat":"repeat","background-position":"center center","background-size":"auto","background-attachment":"scroll","background-type":"","background-media":"","overlay-type":"","overlay-color":"","overlay-opacity":"","overlay-gradient":""}},"ast-content-background-meta":{"desktop":{"background-color":"var(--ast-global-color-5)","background-image":"","background-repeat":"repeat","background-position":"center center","background-size":"auto","background-attachment":"scroll","background-type":"","background-media":"","overlay-type":"","overlay-color":"","overlay-opacity":"","overlay-gradient":""},"tablet":{"background-color":"var(--ast-global-color-5)","background-image":"","background-repeat":"repeat","background-position":"center center","background-size":"auto","background-attachment":"scroll","background-type":"","background-media":"","overlay-type":"","overlay-color":"","overlay-opacity":"","overlay-gradient":""},"mobile":{"background-color":"var(--ast-global-color-5)","background-image":"","background-repeat":"repeat","background-position":"center center","background-size":"auto","background-attachment":"scroll","background-type":"","background-media":"","overlay-type":"","overlay-color":"","overlay-opacity":"","overlay-gradient":""}},"footnotes":""},"categories":[2,4,5],"tags":[16],"class_list":["post-982","post","type-post","status-publish","format-standard","has-post-thumbnail","hentry","category-infantil","category-portada","category-primaria","tag-sortides"],"post_mailing_queue_ids":[],"_links":{"self":[{"href":"https:\/\/agora.xtec.cat\/ceiplescodinetes\/wp-json\/wp\/v2\/posts\/982","targetHints":{"allow":["GET"]}}],"collection":[{"href":"https:\/\/agora.xtec.cat\/ceiplescodinetes\/wp-json\/wp\/v2\/posts"}],"about":[{"href":"https:\/\/agora.xtec.cat\/ceiplescodinetes\/wp-json\/wp\/v2\/types\/post"}],"author":[{"embeddable":true,"href":"https:\/\/agora.xtec.cat\/ceiplescodinetes\/wp-json\/wp\/v2\/users\/1"}],"replies":[{"embeddable":true,"href":"https:\/\/agora.xtec.cat\/ceiplescodinetes\/wp-json\/wp\/v2\/comments?post=982"}],"version-history":[{"count":3,"href":"https:\/\/agora.xtec.cat\/ceiplescodinetes\/wp-json\/wp\/v2\/posts\/982\/revisions"}],"predecessor-version":[{"id":990,"href":"https:\/\/agora.xtec.cat\/ceiplescodinetes\/wp-json\/wp\/v2\/posts\/982\/revisions\/990"}],"wp:featuredmedia":[{"embeddable":true,"href":"https:\/\/agora.xtec.cat\/ceiplescodinetes\/wp-json\/wp\/v2\/media\/983"}],"wp:attachment":[{"href":"https:\/\/agora.xtec.cat\/ceiplescodinetes\/wp-json\/wp\/v2\/media?parent=982"}],"wp:term":[{"taxonomy":"category","embeddable":true,"href":"https:\/\/agora.xtec.cat\/ceiplescodinetes\/wp-json\/wp\/v2\/categories?post=982"},{"taxonomy":"post_tag","embeddable":true,"href":"https:\/\/agora.xtec.cat\/ceiplescodinetes\/wp-json\/wp\/v2\/tags?post=982"}],"curies":[{"name":"wp","href":"https:\/\/api.w.org\/{rel}","templated":true}]}}