{"id":6009,"date":"2024-03-07T09:22:59","date_gmt":"2024-03-07T08:22:59","guid":{"rendered":"https:\/\/agora.xtec.cat\/ceiplescodinetes\/?p=6009"},"modified":"2024-03-20T12:02:19","modified_gmt":"2024-03-20T11:02:19","slug":"preinscripcio-llar-dinfants-infantil-i-primaria","status":"publish","type":"post","link":"https:\/\/agora.xtec.cat\/ceiplescodinetes\/infantil\/preinscripcio-llar-dinfants-infantil-i-primaria\/","title":{"rendered":"Preinscripci\u00f3 llar d&#8217;infants, infantil i prim\u00e0ria"},"content":{"rendered":"<p><strong>S&#8217;obre el per\u00edode de preinscripci\u00f3<\/strong> per als infants nascuts entre el 2022 i el 2023, noves matr\u00edcules a educaci\u00f3 infantil i educaci\u00f3 prim\u00e0ria.<\/p>\n<p>&nbsp;<\/p>\n<p>Les <strong>NOVES matr\u00edcules a la llar d&#8217;infants<\/strong> caldr\u00e0 que portin la documentaci\u00f3 presencialment a l\u2019escola entre el 8 i el 20 de mar\u00e7. Vegeu la imatge de m\u00e9s avall.<\/p>\n<p>&nbsp;<\/p>\n<p>Les <strong>NOVES matr\u00edcules a educaci\u00f3 infantil i prim\u00e0ria<\/strong> caldr\u00e0 que facin la preinscripci\u00f3 mitjan\u00e7ant l&#8217;enlla\u00e7 de la web del Gencat:\u00a0 <a href=\"https:\/\/preinscripcio.gencat.cat\/ca\/inici\/index.html\" target=\"_blank\" rel=\"noopener\">https:\/\/preinscripcio.gencat.cat\/ca\/inici\/index.html<\/a><\/p>\n<p><a href=\"https:\/\/agora.xtec.cat\/ceiplescodinetes\/wp-content\/uploads\/usu1661\/2024\/03\/INFORME_OFERTA_OME_INFORME_OFERTA.pdf\" target=\"_blank\" rel=\"noopener\">Oferta inicial de places<\/a><\/p>\n<p>Qualsevol dubte ens podeu trucar al\u00a0<strong>977655390<\/strong>\u00a0o escriure un correu a l\u2019\u00a0<strong>e3005467@xtec.cat<\/strong><\/p>\n<p><a href=\"https:\/\/agora.xtec.cat\/ceiplescodinetes\/wp-content\/uploads\/usu1661\/2024\/03\/PREINSCRICPIO-A-I1-I2-CURS-2024-2025.png\"><img loading=\"lazy\" decoding=\"async\" class=\" wp-image-6017 aligncenter\" src=\"https:\/\/agora.xtec.cat\/ceiplescodinetes\/wp-content\/uploads\/usu1661\/2024\/03\/PREINSCRICPIO-A-I1-I2-CURS-2024-2025-724x1024.png\" alt=\"\" width=\"771\" height=\"1090\" srcset=\"https:\/\/agora.xtec.cat\/ceiplescodinetes\/wp-content\/uploads\/usu1661\/2024\/03\/PREINSCRICPIO-A-I1-I2-CURS-2024-2025-724x1024.png 724w, https:\/\/agora.xtec.cat\/ceiplescodinetes\/wp-content\/uploads\/usu1661\/2024\/03\/PREINSCRICPIO-A-I1-I2-CURS-2024-2025-212x300.png 212w, https:\/\/agora.xtec.cat\/ceiplescodinetes\/wp-content\/uploads\/usu1661\/2024\/03\/PREINSCRICPIO-A-I1-I2-CURS-2024-2025-768x1086.png 768w, https:\/\/agora.xtec.cat\/ceiplescodinetes\/wp-content\/uploads\/usu1661\/2024\/03\/PREINSCRICPIO-A-I1-I2-CURS-2024-2025-1086x1536.png 1086w, https:\/\/agora.xtec.cat\/ceiplescodinetes\/wp-content\/uploads\/usu1661\/2024\/03\/PREINSCRICPIO-A-I1-I2-CURS-2024-2025.png 1414w\" sizes=\"auto, (max-width: 771px) 100vw, 771px\" \/><\/a><\/p>\n<p>&nbsp;<\/p>\n<p>&nbsp;<\/p>\n","protected":false},"excerpt":{"rendered":"<p>S&#8217;obre el per\u00edode de preinscripci\u00f3 per als infants nascuts entre el 2022 i el 2023, noves matr\u00edcules a educaci\u00f3 infantil i educaci\u00f3 prim\u00e0ria. &nbsp; Les NOVES matr\u00edcules a la llar d&#8217;infants caldr\u00e0 que portin la documentaci\u00f3 presencialment a l\u2019escola entre el 8 i el 20 de mar\u00e7. Vegeu la imatge de m\u00e9s avall. &nbsp; Les [&hellip;]<\/p>\n","protected":false},"author":1,"featured_media":6015,"comment_status":"open","ping_status":"closed","sticky":false,"template":"","format":"standard","meta":{"_bbp_topic_count":0,"_bbp_reply_count":0,"_bbp_total_topic_count":0,"_bbp_total_reply_count":0,"_bbp_voice_count":0,"_bbp_anonymous_reply_count":0,"_bbp_topic_count_hidden":0,"_bbp_reply_count_hidden":0,"_bbp_forum_subforum_count":0,"site-sidebar-layout":"default","site-content-layout":"","ast-site-content-layout":"","site-content-style":"default","site-sidebar-style":"default","ast-global-header-display":"","ast-banner-title-visibility":"","ast-main-header-display":"","ast-hfb-above-header-display":"","ast-hfb-below-header-display":"","ast-hfb-mobile-header-display":"","site-post-title":"","ast-breadcrumbs-content":"","ast-featured-img":"","footer-sml-layout":"","theme-transparent-header-meta":"","adv-header-id-meta":"","stick-header-meta":"","header-above-stick-meta":"","header-main-stick-meta":"","header-below-stick-meta":"","astra-migrate-meta-layouts":"default","ast-page-background-enabled":"default","ast-page-background-meta":{"desktop":{"background-color":"var(--ast-global-color-4)","background-image":"","background-repeat":"repeat","background-position":"center center","background-size":"auto","background-attachment":"scroll","background-type":"","background-media":"","overlay-type":"","overlay-color":"","overlay-opacity":"","overlay-gradient":""},"tablet":{"background-color":"","background-image":"","background-repeat":"repeat","background-position":"center center","background-size":"auto","background-attachment":"scroll","background-type":"","background-media":"","overlay-type":"","overlay-color":"","overlay-opacity":"","overlay-gradient":""},"mobile":{"background-color":"","background-image":"","background-repeat":"repeat","background-position":"center center","background-size":"auto","background-attachment":"scroll","background-type":"","background-media":"","overlay-type":"","overlay-color":"","overlay-opacity":"","overlay-gradient":""}},"ast-content-background-meta":{"desktop":{"background-color":"var(--ast-global-color-5)","background-image":"","background-repeat":"repeat","background-position":"center center","background-size":"auto","background-attachment":"scroll","background-type":"","background-media":"","overlay-type":"","overlay-color":"","overlay-opacity":"","overlay-gradient":""},"tablet":{"background-color":"var(--ast-global-color-5)","background-image":"","background-repeat":"repeat","background-position":"center center","background-size":"auto","background-attachment":"scroll","background-type":"","background-media":"","overlay-type":"","overlay-color":"","overlay-opacity":"","overlay-gradient":""},"mobile":{"background-color":"var(--ast-global-color-5)","background-image":"","background-repeat":"repeat","background-position":"center center","background-size":"auto","background-attachment":"scroll","background-type":"","background-media":"","overlay-type":"","overlay-color":"","overlay-opacity":"","overlay-gradient":""}},"footnotes":""},"categories":[2,9,4],"tags":[],"class_list":["post-6009","post","type-post","status-publish","format-standard","has-post-thumbnail","hentry","category-infantil","category-llar","category-portada"],"post_mailing_queue_ids":[],"_links":{"self":[{"href":"https:\/\/agora.xtec.cat\/ceiplescodinetes\/wp-json\/wp\/v2\/posts\/6009","targetHints":{"allow":["GET"]}}],"collection":[{"href":"https:\/\/agora.xtec.cat\/ceiplescodinetes\/wp-json\/wp\/v2\/posts"}],"about":[{"href":"https:\/\/agora.xtec.cat\/ceiplescodinetes\/wp-json\/wp\/v2\/types\/post"}],"author":[{"embeddable":true,"href":"https:\/\/agora.xtec.cat\/ceiplescodinetes\/wp-json\/wp\/v2\/users\/1"}],"replies":[{"embeddable":true,"href":"https:\/\/agora.xtec.cat\/ceiplescodinetes\/wp-json\/wp\/v2\/comments?post=6009"}],"version-history":[{"count":6,"href":"https:\/\/agora.xtec.cat\/ceiplescodinetes\/wp-json\/wp\/v2\/posts\/6009\/revisions"}],"predecessor-version":[{"id":6021,"href":"https:\/\/agora.xtec.cat\/ceiplescodinetes\/wp-json\/wp\/v2\/posts\/6009\/revisions\/6021"}],"wp:featuredmedia":[{"embeddable":true,"href":"https:\/\/agora.xtec.cat\/ceiplescodinetes\/wp-json\/wp\/v2\/media\/6015"}],"wp:attachment":[{"href":"https:\/\/agora.xtec.cat\/ceiplescodinetes\/wp-json\/wp\/v2\/media?parent=6009"}],"wp:term":[{"taxonomy":"category","embeddable":true,"href":"https:\/\/agora.xtec.cat\/ceiplescodinetes\/wp-json\/wp\/v2\/categories?post=6009"},{"taxonomy":"post_tag","embeddable":true,"href":"https:\/\/agora.xtec.cat\/ceiplescodinetes\/wp-json\/wp\/v2\/tags?post=6009"}],"curies":[{"name":"wp","href":"https:\/\/api.w.org\/{rel}","templated":true}]}}