{"id":5623,"date":"2023-05-08T10:42:30","date_gmt":"2023-05-08T08:42:30","guid":{"rendered":"https:\/\/agora.xtec.cat\/ceiplescodinetes\/?p=5623"},"modified":"2023-05-08T10:43:00","modified_gmt":"2023-05-08T08:43:00","slug":"donatiu-cursa-solidaria-protectora-danimals-de-torredembarra","status":"publish","type":"post","link":"https:\/\/agora.xtec.cat\/ceiplescodinetes\/general\/donatiu-cursa-solidaria-protectora-danimals-de-torredembarra\/","title":{"rendered":"Donatiu de la cursa solid\u00e0ria a la protectora d&#8217;animals de Torredembarra"},"content":{"rendered":"<p>Gr\u00e0cies a la solidaritat de les fam\u00edlies i la col\u00b7laboraci\u00f3 de tota la comunitat de Les Codinetes es van recaptar 288 euros i un munt d&#8217;aliments i estris necessaris per a la cura d&#8217;animals. El director i el coordinador de la cursa solid\u00e0ria van fer entrega a la SPAC de Torredembarra de tot el recaptat.<\/p>\n<p>No ens cansarem de donar-vos les gr\u00e0cies!<\/p>\n<p>Us deixem l&#8217;enlla\u00e7 de la protectora per si voleu fer donatius o teniu disponibilitat per poder anar a treure els gossos, qualsevol dia de la setmana en horari de 11 a 15h, sense cita pr\u00e8via!<\/p>\n<p><a href=\"https:\/\/spac.cat\/\" target=\"_blank\" rel=\"noopener\">https:\/\/spac.cat\/<\/a><\/p>\n<p>&nbsp;<\/p>\n<p>&nbsp;<\/p>\n<p><a href=\"https:\/\/agora.xtec.cat\/ceiplescodinetes\/wp-content\/uploads\/usu1661\/2023\/05\/5935861669311921464_121.jpg\"><img loading=\"lazy\" decoding=\"async\" class=\"alignnone size-full wp-image-5624\" src=\"https:\/\/agora.xtec.cat\/ceiplescodinetes\/wp-content\/uploads\/usu1661\/2023\/05\/5935861669311921464_121.jpg\" alt=\"\" width=\"640\" height=\"481\" srcset=\"https:\/\/agora.xtec.cat\/ceiplescodinetes\/wp-content\/uploads\/usu1661\/2023\/05\/5935861669311921464_121.jpg 640w, https:\/\/agora.xtec.cat\/ceiplescodinetes\/wp-content\/uploads\/usu1661\/2023\/05\/5935861669311921464_121-300x225.jpg 300w, https:\/\/agora.xtec.cat\/ceiplescodinetes\/wp-content\/uploads\/usu1661\/2023\/05\/5935861669311921464_121-200x150.jpg 200w\" sizes=\"auto, (max-width: 640px) 100vw, 640px\" \/><\/a><a href=\"https:\/\/agora.xtec.cat\/ceiplescodinetes\/wp-content\/uploads\/usu1661\/2023\/05\/1683534370219.jpg\"><img loading=\"lazy\" decoding=\"async\" class=\"alignnone wp-image-5625\" src=\"https:\/\/agora.xtec.cat\/ceiplescodinetes\/wp-content\/uploads\/usu1661\/2023\/05\/1683534370219-1024x768.jpg\" alt=\"\" width=\"645\" height=\"484\" srcset=\"https:\/\/agora.xtec.cat\/ceiplescodinetes\/wp-content\/uploads\/usu1661\/2023\/05\/1683534370219-1024x768.jpg 1024w, https:\/\/agora.xtec.cat\/ceiplescodinetes\/wp-content\/uploads\/usu1661\/2023\/05\/1683534370219-300x225.jpg 300w, https:\/\/agora.xtec.cat\/ceiplescodinetes\/wp-content\/uploads\/usu1661\/2023\/05\/1683534370219-768x576.jpg 768w, https:\/\/agora.xtec.cat\/ceiplescodinetes\/wp-content\/uploads\/usu1661\/2023\/05\/1683534370219-200x150.jpg 200w, https:\/\/agora.xtec.cat\/ceiplescodinetes\/wp-content\/uploads\/usu1661\/2023\/05\/1683534370219.jpg 1040w\" sizes=\"auto, (max-width: 645px) 100vw, 645px\" \/><\/a><a href=\"https:\/\/agora.xtec.cat\/ceiplescodinetes\/wp-content\/uploads\/usu1661\/2023\/05\/1683534391334.jpg\"><img loading=\"lazy\" decoding=\"async\" class=\"alignnone wp-image-5626\" src=\"https:\/\/agora.xtec.cat\/ceiplescodinetes\/wp-content\/uploads\/usu1661\/2023\/05\/1683534391334.jpg\" alt=\"\" width=\"636\" height=\"477\" srcset=\"https:\/\/agora.xtec.cat\/ceiplescodinetes\/wp-content\/uploads\/usu1661\/2023\/05\/1683534391334.jpg 520w, https:\/\/agora.xtec.cat\/ceiplescodinetes\/wp-content\/uploads\/usu1661\/2023\/05\/1683534391334-300x225.jpg 300w, https:\/\/agora.xtec.cat\/ceiplescodinetes\/wp-content\/uploads\/usu1661\/2023\/05\/1683534391334-200x150.jpg 200w\" sizes=\"auto, (max-width: 636px) 100vw, 636px\" \/><\/a><\/p>\n<p>&nbsp;<\/p>\n","protected":false},"excerpt":{"rendered":"<p>Gr\u00e0cies a la solidaritat de les fam\u00edlies i la col\u00b7laboraci\u00f3 de tota la comunitat de Les Codinetes es van recaptar 288 euros i un munt d&#8217;aliments i estris necessaris per a la cura d&#8217;animals. El director i el coordinador de la cursa solid\u00e0ria van fer entrega a la SPAC de Torredembarra de tot el recaptat. [&hellip;]<\/p>\n","protected":false},"author":1,"featured_media":5624,"comment_status":"open","ping_status":"closed","sticky":false,"template":"","format":"standard","meta":{"_bbp_topic_count":0,"_bbp_reply_count":0,"_bbp_total_topic_count":0,"_bbp_total_reply_count":0,"_bbp_voice_count":0,"_bbp_anonymous_reply_count":0,"_bbp_topic_count_hidden":0,"_bbp_reply_count_hidden":0,"_bbp_forum_subforum_count":0,"site-sidebar-layout":"default","site-content-layout":"","ast-site-content-layout":"","site-content-style":"default","site-sidebar-style":"default","ast-global-header-display":"","ast-banner-title-visibility":"","ast-main-header-display":"","ast-hfb-above-header-display":"","ast-hfb-below-header-display":"","ast-hfb-mobile-header-display":"","site-post-title":"","ast-breadcrumbs-content":"","ast-featured-img":"","footer-sml-layout":"","theme-transparent-header-meta":"","adv-header-id-meta":"","stick-header-meta":"","header-above-stick-meta":"","header-main-stick-meta":"","header-below-stick-meta":"","astra-migrate-meta-layouts":"default","ast-page-background-enabled":"default","ast-page-background-meta":{"desktop":{"background-color":"var(--ast-global-color-4)","background-image":"","background-repeat":"repeat","background-position":"center center","background-size":"auto","background-attachment":"scroll","background-type":"","background-media":"","overlay-type":"","overlay-color":"","overlay-opacity":"","overlay-gradient":""},"tablet":{"background-color":"","background-image":"","background-repeat":"repeat","background-position":"center center","background-size":"auto","background-attachment":"scroll","background-type":"","background-media":"","overlay-type":"","overlay-color":"","overlay-opacity":"","overlay-gradient":""},"mobile":{"background-color":"","background-image":"","background-repeat":"repeat","background-position":"center center","background-size":"auto","background-attachment":"scroll","background-type":"","background-media":"","overlay-type":"","overlay-color":"","overlay-opacity":"","overlay-gradient":""}},"ast-content-background-meta":{"desktop":{"background-color":"var(--ast-global-color-5)","background-image":"","background-repeat":"repeat","background-position":"center center","background-size":"auto","background-attachment":"scroll","background-type":"","background-media":"","overlay-type":"","overlay-color":"","overlay-opacity":"","overlay-gradient":""},"tablet":{"background-color":"var(--ast-global-color-5)","background-image":"","background-repeat":"repeat","background-position":"center center","background-size":"auto","background-attachment":"scroll","background-type":"","background-media":"","overlay-type":"","overlay-color":"","overlay-opacity":"","overlay-gradient":""},"mobile":{"background-color":"var(--ast-global-color-5)","background-image":"","background-repeat":"repeat","background-position":"center center","background-size":"auto","background-attachment":"scroll","background-type":"","background-media":"","overlay-type":"","overlay-color":"","overlay-opacity":"","overlay-gradient":""}},"footnotes":""},"categories":[1,2,4,5],"tags":[],"class_list":["post-5623","post","type-post","status-publish","format-standard","has-post-thumbnail","hentry","category-general","category-infantil","category-portada","category-primaria"],"post_mailing_queue_ids":[],"_links":{"self":[{"href":"https:\/\/agora.xtec.cat\/ceiplescodinetes\/wp-json\/wp\/v2\/posts\/5623","targetHints":{"allow":["GET"]}}],"collection":[{"href":"https:\/\/agora.xtec.cat\/ceiplescodinetes\/wp-json\/wp\/v2\/posts"}],"about":[{"href":"https:\/\/agora.xtec.cat\/ceiplescodinetes\/wp-json\/wp\/v2\/types\/post"}],"author":[{"embeddable":true,"href":"https:\/\/agora.xtec.cat\/ceiplescodinetes\/wp-json\/wp\/v2\/users\/1"}],"replies":[{"embeddable":true,"href":"https:\/\/agora.xtec.cat\/ceiplescodinetes\/wp-json\/wp\/v2\/comments?post=5623"}],"version-history":[{"count":2,"href":"https:\/\/agora.xtec.cat\/ceiplescodinetes\/wp-json\/wp\/v2\/posts\/5623\/revisions"}],"predecessor-version":[{"id":5628,"href":"https:\/\/agora.xtec.cat\/ceiplescodinetes\/wp-json\/wp\/v2\/posts\/5623\/revisions\/5628"}],"wp:featuredmedia":[{"embeddable":true,"href":"https:\/\/agora.xtec.cat\/ceiplescodinetes\/wp-json\/wp\/v2\/media\/5624"}],"wp:attachment":[{"href":"https:\/\/agora.xtec.cat\/ceiplescodinetes\/wp-json\/wp\/v2\/media?parent=5623"}],"wp:term":[{"taxonomy":"category","embeddable":true,"href":"https:\/\/agora.xtec.cat\/ceiplescodinetes\/wp-json\/wp\/v2\/categories?post=5623"},{"taxonomy":"post_tag","embeddable":true,"href":"https:\/\/agora.xtec.cat\/ceiplescodinetes\/wp-json\/wp\/v2\/tags?post=5623"}],"curies":[{"name":"wp","href":"https:\/\/api.w.org\/{rel}","templated":true}]}}