{"id":5455,"date":"2023-02-03T17:16:05","date_gmt":"2023-02-03T16:16:05","guid":{"rendered":"https:\/\/agora.xtec.cat\/ceiplescodinetes\/?p=5455"},"modified":"2023-02-24T11:32:46","modified_gmt":"2023-02-24T10:32:46","slug":"jornades-de-portes-obertes-infantil-i-primaria","status":"publish","type":"post","link":"https:\/\/agora.xtec.cat\/ceiplescodinetes\/infantil\/jornades-de-portes-obertes-infantil-i-primaria\/","title":{"rendered":"Jornades de portes obertes d&#8217;infantil i prim\u00e0ria"},"content":{"rendered":"<p style=\"text-align: center;\"><a href=\"https:\/\/agora.xtec.cat\/ceiplescodinetes\/wp-content\/uploads\/usu1661\/2023\/02\/portes-obertes-1.jpg\"><img loading=\"lazy\" decoding=\"async\" class=\"alignnone size-full wp-image-5479\" src=\"https:\/\/agora.xtec.cat\/ceiplescodinetes\/wp-content\/uploads\/usu1661\/2023\/02\/portes-obertes-1.jpg\" alt=\"\" width=\"960\" height=\"664\" srcset=\"https:\/\/agora.xtec.cat\/ceiplescodinetes\/wp-content\/uploads\/usu1661\/2023\/02\/portes-obertes-1.jpg 960w, https:\/\/agora.xtec.cat\/ceiplescodinetes\/wp-content\/uploads\/usu1661\/2023\/02\/portes-obertes-1-300x208.jpg 300w, https:\/\/agora.xtec.cat\/ceiplescodinetes\/wp-content\/uploads\/usu1661\/2023\/02\/portes-obertes-1-768x531.jpg 768w\" sizes=\"auto, (max-width: 960px) 100vw, 960px\" \/><\/a><\/p>\n<h3><span style=\"color: #333333;\">Les portes obertes es faran presencialment, us podeu inscriure a trav\u00e9s d&#8217;aquest <a href=\"https:\/\/forms.gle\/P5Z4zQLgQrQuXc356\" target=\"_blank\" rel=\"noopener\"><span style=\"text-decoration: underline;\"><span style=\"color: #008080;\"><em><strong>formulari<\/strong><\/em><\/span><\/span><\/a>.<\/span><\/h3>\n<h4><span style=\"color: #996614;\"><em><strong>\u00a0 Coneix el nostre projecte d&#8217;escola:<\/strong><\/em><\/span><\/h4>\n<h4><a href=\"https:\/\/agora.xtec.cat\/ceiplescodinetes\/projecte-educatiu\/\" target=\"_blank\" rel=\"noopener\">\u00a0 \u00a0 https:\/\/agora.xtec.cat\/ceiplescodinetes\/projecte-educatiu\/<\/a><\/h4>\n<h4><span style=\"color: #996614;\"><em><strong>\u00a0 M\u00e9s informaci\u00f3 sobre el proc\u00e9s de preinscripci\u00f3 al web del gencat:<\/strong><\/em><\/span><\/h4>\n<h4><a href=\"https:\/\/preinscripcio.gencat.cat\/ca\/detalls\/noticia\/dates-preinscripcio-2023-2024\" target=\"_blank\" rel=\"noopener\">\u00a0 \u00a0 https:\/\/preinscripcio.gencat.cat\/ca\/detalls\/noticia\/dates-preinscripcio-2023-2024<\/a><\/h4>\n","protected":false},"excerpt":{"rendered":"<p>Les portes obertes es faran presencialment, us podeu inscriure a trav\u00e9s d&#8217;aquest formulari. \u00a0 Coneix el nostre projecte d&#8217;escola: \u00a0 \u00a0 https:\/\/agora.xtec.cat\/ceiplescodinetes\/projecte-educatiu\/ \u00a0 M\u00e9s informaci\u00f3 sobre el proc\u00e9s de preinscripci\u00f3 al web del gencat: \u00a0 \u00a0 https:\/\/preinscripcio.gencat.cat\/ca\/detalls\/noticia\/dates-preinscripcio-2023-2024<\/p>\n","protected":false},"author":1,"featured_media":0,"comment_status":"open","ping_status":"closed","sticky":false,"template":"","format":"standard","meta":{"_bbp_topic_count":0,"_bbp_reply_count":0,"_bbp_total_topic_count":0,"_bbp_total_reply_count":0,"_bbp_voice_count":0,"_bbp_anonymous_reply_count":0,"_bbp_topic_count_hidden":0,"_bbp_reply_count_hidden":0,"_bbp_forum_subforum_count":0,"site-sidebar-layout":"default","site-content-layout":"","ast-site-content-layout":"","site-content-style":"default","site-sidebar-style":"default","ast-global-header-display":"","ast-banner-title-visibility":"","ast-main-header-display":"","ast-hfb-above-header-display":"","ast-hfb-below-header-display":"","ast-hfb-mobile-header-display":"","site-post-title":"","ast-breadcrumbs-content":"","ast-featured-img":"","footer-sml-layout":"","theme-transparent-header-meta":"","adv-header-id-meta":"","stick-header-meta":"","header-above-stick-meta":"","header-main-stick-meta":"","header-below-stick-meta":"","astra-migrate-meta-layouts":"default","ast-page-background-enabled":"default","ast-page-background-meta":{"desktop":{"background-color":"var(--ast-global-color-4)","background-image":"","background-repeat":"repeat","background-position":"center center","background-size":"auto","background-attachment":"scroll","background-type":"","background-media":"","overlay-type":"","overlay-color":"","overlay-opacity":"","overlay-gradient":""},"tablet":{"background-color":"","background-image":"","background-repeat":"repeat","background-position":"center center","background-size":"auto","background-attachment":"scroll","background-type":"","background-media":"","overlay-type":"","overlay-color":"","overlay-opacity":"","overlay-gradient":""},"mobile":{"background-color":"","background-image":"","background-repeat":"repeat","background-position":"center center","background-size":"auto","background-attachment":"scroll","background-type":"","background-media":"","overlay-type":"","overlay-color":"","overlay-opacity":"","overlay-gradient":""}},"ast-content-background-meta":{"desktop":{"background-color":"var(--ast-global-color-5)","background-image":"","background-repeat":"repeat","background-position":"center center","background-size":"auto","background-attachment":"scroll","background-type":"","background-media":"","overlay-type":"","overlay-color":"","overlay-opacity":"","overlay-gradient":""},"tablet":{"background-color":"var(--ast-global-color-5)","background-image":"","background-repeat":"repeat","background-position":"center center","background-size":"auto","background-attachment":"scroll","background-type":"","background-media":"","overlay-type":"","overlay-color":"","overlay-opacity":"","overlay-gradient":""},"mobile":{"background-color":"var(--ast-global-color-5)","background-image":"","background-repeat":"repeat","background-position":"center center","background-size":"auto","background-attachment":"scroll","background-type":"","background-media":"","overlay-type":"","overlay-color":"","overlay-opacity":"","overlay-gradient":""}},"footnotes":""},"categories":[2,4,5],"tags":[92],"class_list":["post-5455","post","type-post","status-publish","format-standard","hentry","category-infantil","category-portada","category-primaria","tag-preinscripcio"],"post_mailing_queue_ids":[],"_links":{"self":[{"href":"https:\/\/agora.xtec.cat\/ceiplescodinetes\/wp-json\/wp\/v2\/posts\/5455","targetHints":{"allow":["GET"]}}],"collection":[{"href":"https:\/\/agora.xtec.cat\/ceiplescodinetes\/wp-json\/wp\/v2\/posts"}],"about":[{"href":"https:\/\/agora.xtec.cat\/ceiplescodinetes\/wp-json\/wp\/v2\/types\/post"}],"author":[{"embeddable":true,"href":"https:\/\/agora.xtec.cat\/ceiplescodinetes\/wp-json\/wp\/v2\/users\/1"}],"replies":[{"embeddable":true,"href":"https:\/\/agora.xtec.cat\/ceiplescodinetes\/wp-json\/wp\/v2\/comments?post=5455"}],"version-history":[{"count":4,"href":"https:\/\/agora.xtec.cat\/ceiplescodinetes\/wp-json\/wp\/v2\/posts\/5455\/revisions"}],"predecessor-version":[{"id":5480,"href":"https:\/\/agora.xtec.cat\/ceiplescodinetes\/wp-json\/wp\/v2\/posts\/5455\/revisions\/5480"}],"wp:attachment":[{"href":"https:\/\/agora.xtec.cat\/ceiplescodinetes\/wp-json\/wp\/v2\/media?parent=5455"}],"wp:term":[{"taxonomy":"category","embeddable":true,"href":"https:\/\/agora.xtec.cat\/ceiplescodinetes\/wp-json\/wp\/v2\/categories?post=5455"},{"taxonomy":"post_tag","embeddable":true,"href":"https:\/\/agora.xtec.cat\/ceiplescodinetes\/wp-json\/wp\/v2\/tags?post=5455"}],"curies":[{"name":"wp","href":"https:\/\/api.w.org\/{rel}","templated":true}]}}