{"id":4327,"date":"2021-05-26T15:10:50","date_gmt":"2021-05-26T13:10:50","guid":{"rendered":"http:\/\/agora.xtec.cat\/ceiplescodinetes\/?p=4327"},"modified":"2021-05-26T15:10:50","modified_gmt":"2021-05-26T13:10:50","slug":"enfocar-les-creacions-emocionals","status":"publish","type":"post","link":"https:\/\/agora.xtec.cat\/ceiplescodinetes\/general\/enfocar-les-creacions-emocionals\/","title":{"rendered":"Enfocar les creacions emocionals"},"content":{"rendered":"<p>Les imatges o fotografies tenen molts significats, tot depenent de la mirada amb les que ens ho mirem.<\/p>\n<p>En una fotografia plena de detalls, cal destacar que un infant pot tenir interpretacions diferents a nosaltres.<\/p>\n<p>Un adult en una fotografia, veu una composici\u00f3 de diferents objectes, per\u00f2 finalment veu una imatge sencera, a diferencia d\u2019un infant, on ell\/a veu un quadre replet de diferents detalls. L\u2019infant es fixa en petits detalls que composen aquella imatge.<\/p>\n<p>Si nosaltres els hi diem als alumnes que dibuixin aquella imatge, ens sorprendr\u00e0 com destaquen alguns objectes respecte a uns altres i a m\u00e9s a m\u00e9s, entre els objectes, no tenen proporci\u00f3.<\/p>\n<p>En moltes ocasions aquestes proporcions venen determinades per\u00a0 <strong>les emocions <\/strong>que els nens i les nenes els hi transmet un objecte, persona, animal&#8230;<\/p>\n<p>A dia d\u2019avui un nen\/a quan agafa un aparell fotogr\u00e0fic (m\u00f2bil, tauleta, c\u00e0mera de fotografiar) experimenta i gaudeix de poder captar aquell moment, \u00e9s una imatge que els hi serveix per a recordar i poder explicar la seva emoci\u00f3 de creaci\u00f3.<\/p>\n<p>Nosaltres des del diferents ambients d\u2019aprenentatge de l\u2019escola (construcci\u00f3, natural o el joc simb\u00f2lic) els hi deixem crear lliurament amb el material de cada ambient, i finalment els hi deixem fotografiar la seva creaci\u00f3, per m\u00e9s tard poder explicar en l\u2019assemblea conjunta la seva obra d\u2019art.<\/p>\n<p>Amb aquesta activitat aconseguim que l\u2019infant doni import\u00e0ncia a la seva creaci\u00f3 (autoestima) i per altra banda, fomentem l\u2019expressi\u00f3 verbal davant dels companys\/es.<\/p>\n<p>Per aquest motiu la c\u00e0mera pren protagonisme en els diferents ambients de l\u2019escola, sent aquesta una eina necess\u00e0ria en el moments d\u2019aprenentatge que estem vivint.<\/p>\n<p>Cal tenir a l\u2019abast aquesta eina, com a recurs imprescindible en els diferents ambients, espais i moments. No podem separar la realitat del m\u00f3n exterior amb el m\u00f3n actual educatiu, finalment tot \u00e9s aprenentatge, i tot ha d\u2019anar lligat.<\/p>\n<p>Estem vivint una nova dimensi\u00f3, on les imatges valen m\u00e9s que les 300 paraules que t\u00e9 aquest article.<\/p>\n<p><a href=\"https:\/\/agora.xtec.cat\/ceiplescodinetes\/wp-content\/uploads\/usu1661\/2021\/05\/photo5852607228677306648.jpg\"><img loading=\"lazy\" decoding=\"async\" class=\"alignnone size-large wp-image-4328\" src=\"https:\/\/agora.xtec.cat\/ceiplescodinetes\/wp-content\/uploads\/usu1661\/2021\/05\/photo5852607228677306648-768x1024.jpg\" alt=\"\" width=\"768\" height=\"1024\" srcset=\"https:\/\/agora.xtec.cat\/ceiplescodinetes\/wp-content\/uploads\/usu1661\/2021\/05\/photo5852607228677306648.jpg 768w, https:\/\/agora.xtec.cat\/ceiplescodinetes\/wp-content\/uploads\/usu1661\/2021\/05\/photo5852607228677306648-225x300.jpg 225w\" sizes=\"auto, (max-width: 768px) 100vw, 768px\" \/><\/a> <a href=\"https:\/\/agora.xtec.cat\/ceiplescodinetes\/wp-content\/uploads\/usu1661\/2021\/05\/photo5852607228677306649.jpg\"><img loading=\"lazy\" decoding=\"async\" class=\"alignnone size-large wp-image-4329\" src=\"https:\/\/agora.xtec.cat\/ceiplescodinetes\/wp-content\/uploads\/usu1661\/2021\/05\/photo5852607228677306649-768x1024.jpg\" alt=\"\" width=\"768\" height=\"1024\" srcset=\"https:\/\/agora.xtec.cat\/ceiplescodinetes\/wp-content\/uploads\/usu1661\/2021\/05\/photo5852607228677306649.jpg 768w, https:\/\/agora.xtec.cat\/ceiplescodinetes\/wp-content\/uploads\/usu1661\/2021\/05\/photo5852607228677306649-225x300.jpg 225w\" sizes=\"auto, (max-width: 768px) 100vw, 768px\" \/><\/a><\/p>\n","protected":false},"excerpt":{"rendered":"<p>Les imatges o fotografies tenen molts significats, tot depenent de la mirada amb les que ens ho mirem. En una fotografia plena de detalls, cal destacar que un infant pot tenir interpretacions diferents a nosaltres. Un adult en una fotografia, veu una composici\u00f3 de diferents objectes, per\u00f2 finalment veu una imatge sencera, a diferencia d\u2019un [&hellip;]<\/p>\n","protected":false},"author":1,"featured_media":4329,"comment_status":"open","ping_status":"closed","sticky":false,"template":"","format":"standard","meta":{"_bbp_topic_count":0,"_bbp_reply_count":0,"_bbp_total_topic_count":0,"_bbp_total_reply_count":0,"_bbp_voice_count":0,"_bbp_anonymous_reply_count":0,"_bbp_topic_count_hidden":0,"_bbp_reply_count_hidden":0,"_bbp_forum_subforum_count":0,"site-sidebar-layout":"default","site-content-layout":"","ast-site-content-layout":"","site-content-style":"default","site-sidebar-style":"default","ast-global-header-display":"","ast-banner-title-visibility":"","ast-main-header-display":"","ast-hfb-above-header-display":"","ast-hfb-below-header-display":"","ast-hfb-mobile-header-display":"","site-post-title":"","ast-breadcrumbs-content":"","ast-featured-img":"","footer-sml-layout":"","theme-transparent-header-meta":"","adv-header-id-meta":"","stick-header-meta":"","header-above-stick-meta":"","header-main-stick-meta":"","header-below-stick-meta":"","astra-migrate-meta-layouts":"default","ast-page-background-enabled":"default","ast-page-background-meta":{"desktop":{"background-color":"var(--ast-global-color-4)","background-image":"","background-repeat":"repeat","background-position":"center center","background-size":"auto","background-attachment":"scroll","background-type":"","background-media":"","overlay-type":"","overlay-color":"","overlay-opacity":"","overlay-gradient":""},"tablet":{"background-color":"","background-image":"","background-repeat":"repeat","background-position":"center center","background-size":"auto","background-attachment":"scroll","background-type":"","background-media":"","overlay-type":"","overlay-color":"","overlay-opacity":"","overlay-gradient":""},"mobile":{"background-color":"","background-image":"","background-repeat":"repeat","background-position":"center center","background-size":"auto","background-attachment":"scroll","background-type":"","background-media":"","overlay-type":"","overlay-color":"","overlay-opacity":"","overlay-gradient":""}},"ast-content-background-meta":{"desktop":{"background-color":"var(--ast-global-color-5)","background-image":"","background-repeat":"repeat","background-position":"center center","background-size":"auto","background-attachment":"scroll","background-type":"","background-media":"","overlay-type":"","overlay-color":"","overlay-opacity":"","overlay-gradient":""},"tablet":{"background-color":"var(--ast-global-color-5)","background-image":"","background-repeat":"repeat","background-position":"center center","background-size":"auto","background-attachment":"scroll","background-type":"","background-media":"","overlay-type":"","overlay-color":"","overlay-opacity":"","overlay-gradient":""},"mobile":{"background-color":"var(--ast-global-color-5)","background-image":"","background-repeat":"repeat","background-position":"center center","background-size":"auto","background-attachment":"scroll","background-type":"","background-media":"","overlay-type":"","overlay-color":"","overlay-opacity":"","overlay-gradient":""}},"footnotes":""},"categories":[1,2,68,4],"tags":[],"class_list":["post-4327","post","type-post","status-publish","format-standard","has-post-thumbnail","hentry","category-general","category-infantil","category-p5","category-portada"],"post_mailing_queue_ids":[],"_links":{"self":[{"href":"https:\/\/agora.xtec.cat\/ceiplescodinetes\/wp-json\/wp\/v2\/posts\/4327","targetHints":{"allow":["GET"]}}],"collection":[{"href":"https:\/\/agora.xtec.cat\/ceiplescodinetes\/wp-json\/wp\/v2\/posts"}],"about":[{"href":"https:\/\/agora.xtec.cat\/ceiplescodinetes\/wp-json\/wp\/v2\/types\/post"}],"author":[{"embeddable":true,"href":"https:\/\/agora.xtec.cat\/ceiplescodinetes\/wp-json\/wp\/v2\/users\/1"}],"replies":[{"embeddable":true,"href":"https:\/\/agora.xtec.cat\/ceiplescodinetes\/wp-json\/wp\/v2\/comments?post=4327"}],"version-history":[{"count":1,"href":"https:\/\/agora.xtec.cat\/ceiplescodinetes\/wp-json\/wp\/v2\/posts\/4327\/revisions"}],"predecessor-version":[{"id":4330,"href":"https:\/\/agora.xtec.cat\/ceiplescodinetes\/wp-json\/wp\/v2\/posts\/4327\/revisions\/4330"}],"wp:featuredmedia":[{"embeddable":true,"href":"https:\/\/agora.xtec.cat\/ceiplescodinetes\/wp-json\/wp\/v2\/media\/4329"}],"wp:attachment":[{"href":"https:\/\/agora.xtec.cat\/ceiplescodinetes\/wp-json\/wp\/v2\/media?parent=4327"}],"wp:term":[{"taxonomy":"category","embeddable":true,"href":"https:\/\/agora.xtec.cat\/ceiplescodinetes\/wp-json\/wp\/v2\/categories?post=4327"},{"taxonomy":"post_tag","embeddable":true,"href":"https:\/\/agora.xtec.cat\/ceiplescodinetes\/wp-json\/wp\/v2\/tags?post=4327"}],"curies":[{"name":"wp","href":"https:\/\/api.w.org\/{rel}","templated":true}]}}