{"id":3817,"date":"2021-01-19T10:02:17","date_gmt":"2021-01-19T09:02:17","guid":{"rendered":"http:\/\/agora.xtec.cat\/ceiplescodinetes\/?p=3817"},"modified":"2021-04-06T14:36:08","modified_gmt":"2021-04-06T12:36:08","slug":"preinscripcio-curs-2021-2022","status":"publish","type":"post","link":"https:\/\/agora.xtec.cat\/ceiplescodinetes\/general\/preinscripcio-curs-2021-2022\/","title":{"rendered":"Preinscripci\u00f3 curs 2021- 2022"},"content":{"rendered":"<div style=\"width: 100%;\">\n<div style=\"position: relative; padding-bottom: 75.06%; padding-top: 0; height: 0;\"><iframe loading=\"lazy\" src=\"https:\/\/view.genial.ly\/60336d56fad0540d0914392c\" width=\"1199\" height=\"900\" frameborder=\"0\"><\/iframe><\/div>\n<\/div>\n<h2><\/h2>\n<h2><span style=\"color: #99cc00;\"><strong>Informaci\u00f3 de la preinscripci\u00f3 del curs 2021\/2022<\/strong><\/span><\/h2>\n<p><strong>Per con\u00e8ixer una mica el nostre projecte educatiu feu clic al seg\u00fcent enlla\u00e7:<\/strong><\/p>\n<p><a href=\"https:\/\/agora.xtec.cat\/ceiplescodinetes\/projecte-educatiu\/\" target=\"_blank\" rel=\"noopener noreferrer\">https:\/\/agora.xtec.cat\/ceiplescodinetes\/projecte-educatiu\/<\/a><\/p>\n<p><strong>En aquest enlla\u00e7 podreu veure les instal\u00b7lacions de les que disposa l&#8217;escola:<\/strong><\/p>\n<p><a href=\"https:\/\/agora.xtec.cat\/ceiplescodinetes\/lescola\/instal%c2%b7lacions\/\" target=\"_blank\" rel=\"noopener noreferrer\">https:\/\/agora.xtec.cat\/ceiplescodinetes\/lescola\/instal%c2%b7lacions\/<\/a><\/p>\n<p><strong>Per tal de garantir al m\u00e0xim la desinfecci\u00f3 dels espais, les portes obertes es duran a terme el divendres 5 de mar\u00e7 i el divendres 12 de mar\u00e7 a les 17h en grups molt redu\u00efts.<\/strong><\/p>\n<p><strong><span style=\"color: #33cccc;\">Si voleu portar al\/la vostre\/a petit\/a d&#8217;entre 1 i 2 anys, les portes obertes a la llar d&#8217;infants seran els divendres 19 o 26 de mar\u00e7.<\/span><\/strong><\/p>\n<h4 id=\"FW_bloc_24c7f9f3-3a42-11eb-90aa-005056924a59_1\" class=\"FW_ancora\"><span style=\"color: #ff0000;\">Presentaci\u00f3 de sol\u00b7licituds de preinscripci\u00f3<\/span><\/h4>\n<div class=\"FW_sArticleFoto\">\n<div class=\"FW_sEditPro\">\n<ul>\n<li><span style=\"color: #ff0000;\">Educaci\u00f3 infantil de segon cicle i educaci\u00f3 prim\u00e0ria ( i instituts)<\/span><br \/>\n<span style=\"color: #ff0000;\"><strong>del 15 al 24 de mar\u00e7 de 2021<\/strong><\/span><\/li>\n<\/ul>\n<\/div>\n<\/div>\n<p><em>M\u00e9s informaci\u00f3 a:<\/em><\/p>\n<ul>\n<li>web <a href=\"https:\/\/preinscripcio.gencat.cat\/ca\/inici\/\" target=\"_blank\" rel=\"noopener noreferrer\">&#8220;Preinscripci\u00f3 2020- 2021 gencat&#8221;<\/a><\/li>\n<li>web <a href=\"http:\/\/queestudiar.gencat.cat\/ca\/preinscripcio\/informacio-general-2021\" target=\"_blank\" rel=\"noopener noreferrer\">&#8220;Estudiar a Catalunya&#8221;<\/a><\/li>\n<\/ul>\n<p><strong>Concreteu cita amb nosaltres en ambd\u00f3s casos al <span style=\"color: #ff00ff;\">977655390 <\/span>o al correu electr\u00f2nic <span style=\"color: #ff0000;\">e3005467@xtec.cat<\/span>\u00a0<\/strong> \u00a0 \ud83d\ude42<\/p>\n<p><a href=\"https:\/\/agora.xtec.cat\/ceiplescodinetes\/wp-content\/uploads\/usu1661\/2021\/01\/t\u00edtol-pre-21-22.jpg\"><img loading=\"lazy\" decoding=\"async\" class=\"size-full wp-image-3818 aligncenter\" src=\"https:\/\/agora.xtec.cat\/ceiplescodinetes\/wp-content\/uploads\/usu1661\/2021\/01\/t\u00edtol-pre-21-22.jpg\" alt=\"\" width=\"888\" height=\"333\" srcset=\"https:\/\/agora.xtec.cat\/ceiplescodinetes\/wp-content\/uploads\/usu1661\/2021\/01\/t\u00edtol-pre-21-22.jpg 888w, https:\/\/agora.xtec.cat\/ceiplescodinetes\/wp-content\/uploads\/usu1661\/2021\/01\/t\u00edtol-pre-21-22-300x113.jpg 300w, https:\/\/agora.xtec.cat\/ceiplescodinetes\/wp-content\/uploads\/usu1661\/2021\/01\/t\u00edtol-pre-21-22-768x288.jpg 768w\" sizes=\"auto, (max-width: 888px) 100vw, 888px\" \/><\/a><\/p>\n","protected":false},"excerpt":{"rendered":"<p>Informaci\u00f3 de la preinscripci\u00f3 del curs 2021\/2022 Per con\u00e8ixer una mica el nostre projecte educatiu feu clic al seg\u00fcent enlla\u00e7: https:\/\/agora.xtec.cat\/ceiplescodinetes\/projecte-educatiu\/ En aquest enlla\u00e7 podreu veure les instal\u00b7lacions de les que disposa l&#8217;escola: https:\/\/agora.xtec.cat\/ceiplescodinetes\/lescola\/instal%c2%b7lacions\/ Per tal de garantir al m\u00e0xim la desinfecci\u00f3 dels espais, les portes obertes es duran a terme el divendres 5 de [&hellip;]<\/p>\n","protected":false},"author":1,"featured_media":3823,"comment_status":"open","ping_status":"closed","sticky":false,"template":"","format":"standard","meta":{"_bbp_topic_count":0,"_bbp_reply_count":0,"_bbp_total_topic_count":0,"_bbp_total_reply_count":0,"_bbp_voice_count":0,"_bbp_anonymous_reply_count":0,"_bbp_topic_count_hidden":0,"_bbp_reply_count_hidden":0,"_bbp_forum_subforum_count":0,"site-sidebar-layout":"default","site-content-layout":"","ast-site-content-layout":"","site-content-style":"default","site-sidebar-style":"default","ast-global-header-display":"","ast-banner-title-visibility":"","ast-main-header-display":"","ast-hfb-above-header-display":"","ast-hfb-below-header-display":"","ast-hfb-mobile-header-display":"","site-post-title":"","ast-breadcrumbs-content":"","ast-featured-img":"","footer-sml-layout":"","theme-transparent-header-meta":"","adv-header-id-meta":"","stick-header-meta":"","header-above-stick-meta":"","header-main-stick-meta":"","header-below-stick-meta":"","astra-migrate-meta-layouts":"default","ast-page-background-enabled":"default","ast-page-background-meta":{"desktop":{"background-color":"var(--ast-global-color-4)","background-image":"","background-repeat":"repeat","background-position":"center center","background-size":"auto","background-attachment":"scroll","background-type":"","background-media":"","overlay-type":"","overlay-color":"","overlay-opacity":"","overlay-gradient":""},"tablet":{"background-color":"","background-image":"","background-repeat":"repeat","background-position":"center center","background-size":"auto","background-attachment":"scroll","background-type":"","background-media":"","overlay-type":"","overlay-color":"","overlay-opacity":"","overlay-gradient":""},"mobile":{"background-color":"","background-image":"","background-repeat":"repeat","background-position":"center center","background-size":"auto","background-attachment":"scroll","background-type":"","background-media":"","overlay-type":"","overlay-color":"","overlay-opacity":"","overlay-gradient":""}},"ast-content-background-meta":{"desktop":{"background-color":"var(--ast-global-color-5)","background-image":"","background-repeat":"repeat","background-position":"center center","background-size":"auto","background-attachment":"scroll","background-type":"","background-media":"","overlay-type":"","overlay-color":"","overlay-opacity":"","overlay-gradient":""},"tablet":{"background-color":"var(--ast-global-color-5)","background-image":"","background-repeat":"repeat","background-position":"center center","background-size":"auto","background-attachment":"scroll","background-type":"","background-media":"","overlay-type":"","overlay-color":"","overlay-opacity":"","overlay-gradient":""},"mobile":{"background-color":"var(--ast-global-color-5)","background-image":"","background-repeat":"repeat","background-position":"center center","background-size":"auto","background-attachment":"scroll","background-type":"","background-media":"","overlay-type":"","overlay-color":"","overlay-opacity":"","overlay-gradient":""}},"footnotes":""},"categories":[1,4],"tags":[92],"class_list":["post-3817","post","type-post","status-publish","format-standard","has-post-thumbnail","hentry","category-general","category-portada","tag-preinscripcio"],"post_mailing_queue_ids":[],"_links":{"self":[{"href":"https:\/\/agora.xtec.cat\/ceiplescodinetes\/wp-json\/wp\/v2\/posts\/3817","targetHints":{"allow":["GET"]}}],"collection":[{"href":"https:\/\/agora.xtec.cat\/ceiplescodinetes\/wp-json\/wp\/v2\/posts"}],"about":[{"href":"https:\/\/agora.xtec.cat\/ceiplescodinetes\/wp-json\/wp\/v2\/types\/post"}],"author":[{"embeddable":true,"href":"https:\/\/agora.xtec.cat\/ceiplescodinetes\/wp-json\/wp\/v2\/users\/1"}],"replies":[{"embeddable":true,"href":"https:\/\/agora.xtec.cat\/ceiplescodinetes\/wp-json\/wp\/v2\/comments?post=3817"}],"version-history":[{"count":3,"href":"https:\/\/agora.xtec.cat\/ceiplescodinetes\/wp-json\/wp\/v2\/posts\/3817\/revisions"}],"predecessor-version":[{"id":4118,"href":"https:\/\/agora.xtec.cat\/ceiplescodinetes\/wp-json\/wp\/v2\/posts\/3817\/revisions\/4118"}],"wp:featuredmedia":[{"embeddable":true,"href":"https:\/\/agora.xtec.cat\/ceiplescodinetes\/wp-json\/wp\/v2\/media\/3823"}],"wp:attachment":[{"href":"https:\/\/agora.xtec.cat\/ceiplescodinetes\/wp-json\/wp\/v2\/media?parent=3817"}],"wp:term":[{"taxonomy":"category","embeddable":true,"href":"https:\/\/agora.xtec.cat\/ceiplescodinetes\/wp-json\/wp\/v2\/categories?post=3817"},{"taxonomy":"post_tag","embeddable":true,"href":"https:\/\/agora.xtec.cat\/ceiplescodinetes\/wp-json\/wp\/v2\/tags?post=3817"}],"curies":[{"name":"wp","href":"https:\/\/api.w.org\/{rel}","templated":true}]}}