{"id":3321,"date":"2020-06-03T09:55:22","date_gmt":"2020-06-03T07:55:22","guid":{"rendered":"http:\/\/agora.xtec.cat\/ceiplescodinetes\/?p=3321"},"modified":"2020-06-22T00:01:31","modified_gmt":"2020-06-21T22:01:31","slug":"ajuts-menjadors-escolars-del-consell-comarcal-del-tarragones-per-al-curs-2020-2021","status":"publish","type":"post","link":"https:\/\/agora.xtec.cat\/ceiplescodinetes\/general\/ajuts-menjadors-escolars-del-consell-comarcal-del-tarragones-per-al-curs-2020-2021\/","title":{"rendered":"Ajuts menjadors escolars del Consell Comarcal del Tarragon\u00e8s per al curs 2020- 2021"},"content":{"rendered":"<p>S\u2019obre la primera convocat\u00f2ria per a sol\u00b7licitar els ajuts individuals que gestiona el Consell Comarcal.<\/p>\n<p><strong>TRAMITACI\u00d3 DE LA SOL\u00b7LICITUD (hi ha dos procediments):<\/strong><\/p>\n<p><strong>A-ABREUJAT.<\/strong> Adre\u00e7at \u00daNICAMENT als alumnes que el curs passat van presentar sol\u00b7licitud.<\/p>\n<p><strong>B-ORDINARI.<\/strong> Adre\u00e7at a les fam\u00edlies que, tot i que el curs passat haguessin presentat sol\u00b7licitud:<\/p>\n<p>*\u00a0 \u00a0Tenen alumnes amb cust\u00f2dia compartida.<br \/>\n*\u00a0 \u00a0Tenen alumnes en acolliment.<br \/>\n*\u00a0 \u00a0Han canviat els membre de la unitat familiar respecte el curs passat. Exemple: un nou fill, hi ha hagut una separaci\u00f3, defunci\u00f3, emancipaci\u00f3&#8230;.<br \/>\n*\u00a0 \u00a0Se&#8217;ls hagu\u00e9s denegat l&#8217;ajut per manca de documentaci\u00f3.<\/p>\n<p>O aquelles fam\u00edlies que:<\/p>\n<p>*\u00a0 \u00a0No van presentar sol\u00b7licitud d&#8217;AIM el curs passat.<br \/>\n*\u00a0 \u00a0Altres situacions<\/p>\n<p><strong>PRESENTACI\u00d3 DE LA SOL\u00b7LICITUD PER PART DE L\u2019INTERESSAT\/DA<\/strong><\/p>\n<p>1.\u00a0 Telem\u00e0tica. A trav\u00e9s del portal IdCAT-M\u00f2bil. (\u00fanicament TR\u00c0MIT ABREUJAT). En aquest link s\u2019hi pot trobar informaci\u00f3 d\u2019aquest servei\u00a0<a href=\"http:\/\/tarragones.cat\/oficina-virtual-tarragones\/com-obtenir-lidentificador-digital-idcat-mobil\" data-saferedirecturl=\"https:\/\/www.google.com\/url?q=http:\/\/tarragones.cat\/oficina-virtual-tarragones\/com-obtenir-lidentificador-digital-idcat-mobil&amp;source=gmail&amp;ust=1591256612533000&amp;usg=AFQjCNEQDZH1JLqojgyWKuJ1H1EtcR9s2A\">http:\/\/tarragones.cat\/oficina-virtual-tarragones\/com-obtenir-lidentificador-digital-idcat-mobil<\/a><br \/>\n2.\u00a0 Al Centre docent. \u00danicament TR\u00c0MIT ABREUJAT.<br \/>\n3.\u00a0 Presencial al CCT amb cita pr\u00e8via, opci\u00f3 disponible a partir del 3 de juny\u00a0\u00a0<a href=\"http:\/\/tarragones.cat\/(TR%C3%80MIT\" data-saferedirecturl=\"https:\/\/www.google.com\/url?q=http:\/\/tarragones.cat\/(TR%25C3%2580MIT&amp;source=gmail&amp;ust=1591256612533000&amp;usg=AFQjCNG_-BKdghQS0sxqvpGzduN3QEqNCQ\">http:\/\/tarragones.cat\/(TR\u00c0MIT<\/a>\u00a0ABREUJAT i ORDINARI).<\/p>\n<p><strong>TERMINI DE PRESENTACI\u00d3 SOL\u00b7LICITUD AL CC TARRAGON\u00c8S<\/strong><\/p>\n<p>1a Convocat\u00f2ria: del 8 al 23 de juny de 2020.<\/p>\n<p>2a Convocat\u00f2ria: \u00faltim dia 18 de setembre de 2020.<\/p>\n<p><strong>TR\u00c0MITS AL CENTRE<\/strong><\/p>\n<p>A l\u2019escola nom\u00e9s es podran presentar els tr\u00e0mits abreujats o els ordinaris en cas de noves matr\u00edcules (alumnes de P3).<\/p>\n<p>La data m\u00e0xima per presentar sol\u00b7licituds al centre escolar ser\u00e0 el dijous 18 de juny.<\/p>\n<p>Per fer els tr\u00e0mits a l\u2019escola, cal demanar cita pr\u00e8via al tel\u00e8fon del centre o mitjan\u00e7ant el correu electr\u00f2nic.<\/p>\n<p>Sempre que sigui possible, porteu la documentaci\u00f3 requerida en paper.<\/p>\n<p>M\u00e9s informaci\u00f3 i models de sol\u00b7licituds al web del Consell Comarcal del Tarragon\u00e8s :<\/p>\n<p><a href=\"http:\/\/tarragones.cat\/ensenyament\/menjadors-escolars-ajuts-1\">http:\/\/tarragones.cat\/ensenyament\/menjadors-escolars-ajuts-1<\/a><\/p>\n<p>&nbsp;<\/p>\n","protected":false},"excerpt":{"rendered":"<p>S\u2019obre la primera convocat\u00f2ria per a sol\u00b7licitar els ajuts individuals que gestiona el Consell Comarcal. TRAMITACI\u00d3 DE LA SOL\u00b7LICITUD (hi ha dos procediments): A-ABREUJAT. Adre\u00e7at \u00daNICAMENT als alumnes que el curs passat van presentar sol\u00b7licitud. B-ORDINARI. Adre\u00e7at a les fam\u00edlies que, tot i que el curs passat haguessin presentat sol\u00b7licitud: *\u00a0 \u00a0Tenen alumnes amb cust\u00f2dia [&hellip;]<\/p>\n","protected":false},"author":1,"featured_media":3322,"comment_status":"open","ping_status":"closed","sticky":false,"template":"","format":"standard","meta":{"_bbp_topic_count":0,"_bbp_reply_count":0,"_bbp_total_topic_count":0,"_bbp_total_reply_count":0,"_bbp_voice_count":0,"_bbp_anonymous_reply_count":0,"_bbp_topic_count_hidden":0,"_bbp_reply_count_hidden":0,"_bbp_forum_subforum_count":0,"site-sidebar-layout":"default","site-content-layout":"","ast-site-content-layout":"","site-content-style":"default","site-sidebar-style":"default","ast-global-header-display":"","ast-banner-title-visibility":"","ast-main-header-display":"","ast-hfb-above-header-display":"","ast-hfb-below-header-display":"","ast-hfb-mobile-header-display":"","site-post-title":"","ast-breadcrumbs-content":"","ast-featured-img":"","footer-sml-layout":"","theme-transparent-header-meta":"","adv-header-id-meta":"","stick-header-meta":"","header-above-stick-meta":"","header-main-stick-meta":"","header-below-stick-meta":"","astra-migrate-meta-layouts":"default","ast-page-background-enabled":"default","ast-page-background-meta":{"desktop":{"background-color":"var(--ast-global-color-4)","background-image":"","background-repeat":"repeat","background-position":"center center","background-size":"auto","background-attachment":"scroll","background-type":"","background-media":"","overlay-type":"","overlay-color":"","overlay-opacity":"","overlay-gradient":""},"tablet":{"background-color":"","background-image":"","background-repeat":"repeat","background-position":"center center","background-size":"auto","background-attachment":"scroll","background-type":"","background-media":"","overlay-type":"","overlay-color":"","overlay-opacity":"","overlay-gradient":""},"mobile":{"background-color":"","background-image":"","background-repeat":"repeat","background-position":"center center","background-size":"auto","background-attachment":"scroll","background-type":"","background-media":"","overlay-type":"","overlay-color":"","overlay-opacity":"","overlay-gradient":""}},"ast-content-background-meta":{"desktop":{"background-color":"var(--ast-global-color-5)","background-image":"","background-repeat":"repeat","background-position":"center center","background-size":"auto","background-attachment":"scroll","background-type":"","background-media":"","overlay-type":"","overlay-color":"","overlay-opacity":"","overlay-gradient":""},"tablet":{"background-color":"var(--ast-global-color-5)","background-image":"","background-repeat":"repeat","background-position":"center center","background-size":"auto","background-attachment":"scroll","background-type":"","background-media":"","overlay-type":"","overlay-color":"","overlay-opacity":"","overlay-gradient":""},"mobile":{"background-color":"var(--ast-global-color-5)","background-image":"","background-repeat":"repeat","background-position":"center center","background-size":"auto","background-attachment":"scroll","background-type":"","background-media":"","overlay-type":"","overlay-color":"","overlay-opacity":"","overlay-gradient":""}},"footnotes":""},"categories":[63,1,2,4,5],"tags":[103],"class_list":["post-3321","post","type-post","status-publish","format-standard","has-post-thumbnail","hentry","category-beques-i-ajuts","category-general","category-infantil","category-portada","category-primaria","tag-beques"],"post_mailing_queue_ids":[],"_links":{"self":[{"href":"https:\/\/agora.xtec.cat\/ceiplescodinetes\/wp-json\/wp\/v2\/posts\/3321","targetHints":{"allow":["GET"]}}],"collection":[{"href":"https:\/\/agora.xtec.cat\/ceiplescodinetes\/wp-json\/wp\/v2\/posts"}],"about":[{"href":"https:\/\/agora.xtec.cat\/ceiplescodinetes\/wp-json\/wp\/v2\/types\/post"}],"author":[{"embeddable":true,"href":"https:\/\/agora.xtec.cat\/ceiplescodinetes\/wp-json\/wp\/v2\/users\/1"}],"replies":[{"embeddable":true,"href":"https:\/\/agora.xtec.cat\/ceiplescodinetes\/wp-json\/wp\/v2\/comments?post=3321"}],"version-history":[{"count":3,"href":"https:\/\/agora.xtec.cat\/ceiplescodinetes\/wp-json\/wp\/v2\/posts\/3321\/revisions"}],"predecessor-version":[{"id":3335,"href":"https:\/\/agora.xtec.cat\/ceiplescodinetes\/wp-json\/wp\/v2\/posts\/3321\/revisions\/3335"}],"wp:featuredmedia":[{"embeddable":true,"href":"https:\/\/agora.xtec.cat\/ceiplescodinetes\/wp-json\/wp\/v2\/media\/3322"}],"wp:attachment":[{"href":"https:\/\/agora.xtec.cat\/ceiplescodinetes\/wp-json\/wp\/v2\/media?parent=3321"}],"wp:term":[{"taxonomy":"category","embeddable":true,"href":"https:\/\/agora.xtec.cat\/ceiplescodinetes\/wp-json\/wp\/v2\/categories?post=3321"},{"taxonomy":"post_tag","embeddable":true,"href":"https:\/\/agora.xtec.cat\/ceiplescodinetes\/wp-json\/wp\/v2\/tags?post=3321"}],"curies":[{"name":"wp","href":"https:\/\/api.w.org\/{rel}","templated":true}]}}