{"id":3224,"date":"2020-05-08T00:51:35","date_gmt":"2020-05-07T22:51:35","guid":{"rendered":"http:\/\/agora.xtec.cat\/ceiplescodinetes\/?p=3224"},"modified":"2020-06-02T00:12:56","modified_gmt":"2020-06-01T22:12:56","slug":"preinscripcio-escolar-del-13-al-22-de-maig","status":"publish","type":"post","link":"https:\/\/agora.xtec.cat\/ceiplescodinetes\/general\/preinscripcio-escolar-del-13-al-22-de-maig\/","title":{"rendered":"Preinscripci\u00f3 escolar del 13 al 22 de maig"},"content":{"rendered":"<p><a href=\"https:\/\/agora.xtec.cat\/ceiplescodinetes\/wp-content\/uploads\/usu1661\/2020\/05\/RESUM-PREINSCRIPCI\u00d31.jpg\"><img loading=\"lazy\" decoding=\"async\" class=\"size-full wp-image-3232 aligncenter\" src=\"https:\/\/agora.xtec.cat\/ceiplescodinetes\/wp-content\/uploads\/usu1661\/2020\/05\/RESUM-PREINSCRIPCI\u00d31.jpg\" alt=\"\" width=\"720\" height=\"960\" srcset=\"https:\/\/agora.xtec.cat\/ceiplescodinetes\/wp-content\/uploads\/usu1661\/2020\/05\/RESUM-PREINSCRIPCI\u00d31.jpg 720w, https:\/\/agora.xtec.cat\/ceiplescodinetes\/wp-content\/uploads\/usu1661\/2020\/05\/RESUM-PREINSCRIPCI\u00d31-225x300.jpg 225w\" sizes=\"auto, (max-width: 720px) 100vw, 720px\" \/><\/a><\/p>\n<h2><span style=\"color: #3366ff;\"><strong>Horari d&#8217;atenci\u00f3: de dilluns a divendres de 10 a 13h. Podeu demanar <span style=\"color: #800080;\">cita pr\u00e8via<\/span> mitjan\u00e7ant els <span style=\"color: #800080;\"><em>tel\u00e8fons<\/em><\/span> i el <span style=\"color: #800080;\"><em>correu<\/em> <\/span>de contacte o l&#8217;<span style=\"color: #800080;\">aplicatiu<\/span> de m\u00e9s avall:<\/strong><\/span><\/h2>\n<h2><span style=\"color: #800080;\">Feu clic a:<\/span><\/h2>\n<ul>\n<li><a href=\"http:\/\/ensenyament.gencat.cat\/web\/shared\/OVT\/Departaments\/ENS\/TramitOVT\/preinscripcio\/obligatoris\/A42.pdf\" target=\"_blank\" rel=\"noopener noreferrer\">Model sol\u00b7licitud presencial<\/a><\/li>\n<li><a href=\"https:\/\/aplicacions.gestioeducativa.gencat.cat\/pls\/apex\/f?p=CITA_PREVIA:4::::4:P4_TIPUS_CALENDARI,P4_DOMINI:01_Oblig,43005467\" target=\"_blank\" rel=\"noopener noreferrer\">Aplicatiu per demanar cita pr\u00e8via<\/a><\/li>\n<li><a href=\"http:\/\/ensenyament.gencat.cat\/ca\/tramits\/tramits-temes\/20483_preinscripcio_escolar?moda=1\" target=\"_blank\" rel=\"noopener noreferrer\">Sol\u00b7licitud online<\/a><\/li>\n<li><a href=\"http:\/\/queestudiar.gencat.cat\/ca\/preinscripcio\/estudis\/obligatoris\/documentacio\/\" target=\"_blank\" rel=\"noopener noreferrer\">Documentaci\u00f3 necess\u00e0ria i criteris de prioritat<\/a><\/li>\n<li><a href=\"http:\/\/mapaescolar.gencat.cat\/\" target=\"_blank\" rel=\"noopener noreferrer\">Oferta de places<\/a><\/li>\n<\/ul>\n<p>Accediu a la\u00a0 <a href=\"https:\/\/govern.cat\/salapremsa\/notes-premsa\/385054\/preinscripcio-escolar-leducacio-infantil-primaria-eso-sera-13-22-maig\">NOTA DE PREMSA<\/a><\/p>\n<p>&nbsp;<\/p>\n","protected":false},"excerpt":{"rendered":"<p>Horari d&#8217;atenci\u00f3: de dilluns a divendres de 10 a 13h. Podeu demanar cita pr\u00e8via mitjan\u00e7ant els tel\u00e8fons i el correu de contacte o l&#8217;aplicatiu de m\u00e9s avall: Feu clic a: Model sol\u00b7licitud presencial Aplicatiu per demanar cita pr\u00e8via Sol\u00b7licitud online Documentaci\u00f3 necess\u00e0ria i criteris de prioritat Oferta de places Accediu a la\u00a0 NOTA DE PREMSA [&hellip;]<\/p>\n","protected":false},"author":1,"featured_media":3226,"comment_status":"open","ping_status":"closed","sticky":false,"template":"","format":"standard","meta":{"_bbp_topic_count":0,"_bbp_reply_count":0,"_bbp_total_topic_count":0,"_bbp_total_reply_count":0,"_bbp_voice_count":0,"_bbp_anonymous_reply_count":0,"_bbp_topic_count_hidden":0,"_bbp_reply_count_hidden":0,"_bbp_forum_subforum_count":0,"site-sidebar-layout":"default","site-content-layout":"","ast-site-content-layout":"","site-content-style":"default","site-sidebar-style":"default","ast-global-header-display":"","ast-banner-title-visibility":"","ast-main-header-display":"","ast-hfb-above-header-display":"","ast-hfb-below-header-display":"","ast-hfb-mobile-header-display":"","site-post-title":"","ast-breadcrumbs-content":"","ast-featured-img":"","footer-sml-layout":"","theme-transparent-header-meta":"","adv-header-id-meta":"","stick-header-meta":"","header-above-stick-meta":"","header-main-stick-meta":"","header-below-stick-meta":"","astra-migrate-meta-layouts":"default","ast-page-background-enabled":"default","ast-page-background-meta":{"desktop":{"background-color":"var(--ast-global-color-4)","background-image":"","background-repeat":"repeat","background-position":"center center","background-size":"auto","background-attachment":"scroll","background-type":"","background-media":"","overlay-type":"","overlay-color":"","overlay-opacity":"","overlay-gradient":""},"tablet":{"background-color":"","background-image":"","background-repeat":"repeat","background-position":"center center","background-size":"auto","background-attachment":"scroll","background-type":"","background-media":"","overlay-type":"","overlay-color":"","overlay-opacity":"","overlay-gradient":""},"mobile":{"background-color":"","background-image":"","background-repeat":"repeat","background-position":"center center","background-size":"auto","background-attachment":"scroll","background-type":"","background-media":"","overlay-type":"","overlay-color":"","overlay-opacity":"","overlay-gradient":""}},"ast-content-background-meta":{"desktop":{"background-color":"var(--ast-global-color-5)","background-image":"","background-repeat":"repeat","background-position":"center center","background-size":"auto","background-attachment":"scroll","background-type":"","background-media":"","overlay-type":"","overlay-color":"","overlay-opacity":"","overlay-gradient":""},"tablet":{"background-color":"var(--ast-global-color-5)","background-image":"","background-repeat":"repeat","background-position":"center center","background-size":"auto","background-attachment":"scroll","background-type":"","background-media":"","overlay-type":"","overlay-color":"","overlay-opacity":"","overlay-gradient":""},"mobile":{"background-color":"var(--ast-global-color-5)","background-image":"","background-repeat":"repeat","background-position":"center center","background-size":"auto","background-attachment":"scroll","background-type":"","background-media":"","overlay-type":"","overlay-color":"","overlay-opacity":"","overlay-gradient":""}},"footnotes":""},"categories":[1,2,9,4,5],"tags":[92],"class_list":["post-3224","post","type-post","status-publish","format-standard","has-post-thumbnail","hentry","category-general","category-infantil","category-llar","category-portada","category-primaria","tag-preinscripcio"],"post_mailing_queue_ids":[],"_links":{"self":[{"href":"https:\/\/agora.xtec.cat\/ceiplescodinetes\/wp-json\/wp\/v2\/posts\/3224","targetHints":{"allow":["GET"]}}],"collection":[{"href":"https:\/\/agora.xtec.cat\/ceiplescodinetes\/wp-json\/wp\/v2\/posts"}],"about":[{"href":"https:\/\/agora.xtec.cat\/ceiplescodinetes\/wp-json\/wp\/v2\/types\/post"}],"author":[{"embeddable":true,"href":"https:\/\/agora.xtec.cat\/ceiplescodinetes\/wp-json\/wp\/v2\/users\/1"}],"replies":[{"embeddable":true,"href":"https:\/\/agora.xtec.cat\/ceiplescodinetes\/wp-json\/wp\/v2\/comments?post=3224"}],"version-history":[{"count":4,"href":"https:\/\/agora.xtec.cat\/ceiplescodinetes\/wp-json\/wp\/v2\/posts\/3224\/revisions"}],"predecessor-version":[{"id":3256,"href":"https:\/\/agora.xtec.cat\/ceiplescodinetes\/wp-json\/wp\/v2\/posts\/3224\/revisions\/3256"}],"wp:featuredmedia":[{"embeddable":true,"href":"https:\/\/agora.xtec.cat\/ceiplescodinetes\/wp-json\/wp\/v2\/media\/3226"}],"wp:attachment":[{"href":"https:\/\/agora.xtec.cat\/ceiplescodinetes\/wp-json\/wp\/v2\/media?parent=3224"}],"wp:term":[{"taxonomy":"category","embeddable":true,"href":"https:\/\/agora.xtec.cat\/ceiplescodinetes\/wp-json\/wp\/v2\/categories?post=3224"},{"taxonomy":"post_tag","embeddable":true,"href":"https:\/\/agora.xtec.cat\/ceiplescodinetes\/wp-json\/wp\/v2\/tags?post=3224"}],"curies":[{"name":"wp","href":"https:\/\/api.w.org\/{rel}","templated":true}]}}