{"id":3156,"date":"2020-04-06T18:08:27","date_gmt":"2020-04-06T16:08:27","guid":{"rendered":"http:\/\/agora.xtec.cat\/ceiplescodinetes\/?p=3156"},"modified":"2020-04-06T18:08:27","modified_gmt":"2020-04-06T16:08:27","slug":"orientacions-setmana-santa-i-properes-comunicacions-amb-telegram","status":"publish","type":"post","link":"https:\/\/agora.xtec.cat\/ceiplescodinetes\/general\/orientacions-setmana-santa-i-properes-comunicacions-amb-telegram\/","title":{"rendered":"Orientacions Setmana Santa i properes comunicacions amb Telegram"},"content":{"rendered":"<p>Benvolgudes fam\u00edlies,<\/p>\n<p>L\u2019equip de l\u2019escola desitja que estigueu tots\/es b\u00e9.<\/p>\n<p>Com cada setmana adjunt us trametem les orientacions per a poder seguir el millor possible les rutines escolars i ajudar-vos a casa.<\/p>\n<p>Despr\u00e9s de Setmana Santa,\u00a0 el dimarts 14 d\u2019abril comen\u00e7arem el tercer trimestre confinats. En funci\u00f3 de les indicacions del Govern anirem fent.<\/p>\n<p>Per tal de poder establir comunicaci\u00f3 directa amb el tutor\/tutores, durant la setmana del 14 d\u2019abril utilitzarem l\u2019eina TELEGRAM que us podeu descarregar als vostres dispositius m\u00f2bils (LLAR D\u2019INFANTS, INFANTIL I PRIM\u00c0RIA). Crearem 2 canals per a cada classe: un on nom\u00e9s s\u2019enviaran les tasques i l\u2019altre de conversa per resoldre dubtes, suggeriments&#8230;<\/p>\n<p>Per tal d\u2019arribar a tots\/es vosaltres, hi haur\u00e0 4 canals oficials de comunicaci\u00f3: Ebando, web escolar, \u00a0mares i pares delegats\/des i per la comunicaci\u00f3 directa amb el mestre\/a i grup TELEGRAM.<\/p>\n<p>Al tercer trimestre i despr\u00e9s de mantenir conversa amb el tutor\/ tutores, les activitats ja seran curriculars, i per tant, avaluables. No patiu que seguiran la mateixa l\u00ednia del que heu estat fent aquestes setmanes i posarem totes les facilitats possibles. Amb calma anirem fent.<\/p>\n<p>Per tal d\u2019ajustar les activitats que anirem enviant, durant aquests dies us demano que escriviu al correu de l\u2019escola aquelles fam\u00edlies que tingueu alguna dificultat per accedir a Internet o qualsevol altra situaci\u00f3 espec\u00edfica que no permeti als vostres fills\/es seguir el curs. No caldr\u00e0 disposar d\u2019impressora.<\/p>\n<p>Fins aviat!<\/p>\n<p><a href=\"https:\/\/agora.xtec.cat\/ceiplescodinetes\/wp-content\/uploads\/usu1661\/2020\/04\/Infants-1-i-2-anys.pdf\" target=\"_blank\" rel=\"noopener noreferrer\">Infants 1 i 2 anys<\/a><\/p>\n<p><a href=\"https:\/\/agora.xtec.cat\/ceiplescodinetes\/wp-content\/uploads\/usu1661\/2020\/04\/P3.pdf\" target=\"_blank\" rel=\"noopener noreferrer\">P3<\/a><\/p>\n<p><a href=\"https:\/\/agora.xtec.cat\/ceiplescodinetes\/wp-content\/uploads\/usu1661\/2020\/04\/P4.pdf\" target=\"_blank\" rel=\"noopener noreferrer\">P4<\/a><\/p>\n<p><a href=\"https:\/\/agora.xtec.cat\/ceiplescodinetes\/wp-content\/uploads\/usu1661\/2020\/04\/P5.pdf\" target=\"_blank\" rel=\"noopener noreferrer\">P5<\/a><\/p>\n<p><a href=\"https:\/\/agora.xtec.cat\/ceiplescodinetes\/wp-content\/uploads\/usu1661\/2020\/04\/1r.pdf\" target=\"_blank\" rel=\"noopener noreferrer\">1r<\/a><\/p>\n<p><a href=\"https:\/\/agora.xtec.cat\/ceiplescodinetes\/wp-content\/uploads\/usu1661\/2020\/04\/2n.pdf\" target=\"_blank\" rel=\"noopener noreferrer\">2n<\/a><\/p>\n<p><a href=\"https:\/\/agora.xtec.cat\/ceiplescodinetes\/wp-content\/uploads\/usu1661\/2020\/04\/3r.pdf\" target=\"_blank\" rel=\"noopener noreferrer\">3r<\/a><\/p>\n<p><a href=\"https:\/\/agora.xtec.cat\/ceiplescodinetes\/wp-content\/uploads\/usu1661\/2020\/04\/4t.pdf\" target=\"_blank\" rel=\"noopener noreferrer\">4t<\/a><\/p>\n<p><a href=\"https:\/\/agora.xtec.cat\/ceiplescodinetes\/wp-content\/uploads\/usu1661\/2020\/04\/5\u00e8.pdf\" target=\"_blank\" rel=\"noopener noreferrer\">5\u00e8<\/a><\/p>\n<p><a href=\"https:\/\/agora.xtec.cat\/ceiplescodinetes\/wp-content\/uploads\/usu1661\/2020\/04\/6\u00e8.pdf\" target=\"_blank\" rel=\"noopener noreferrer\">6\u00e8<\/a><\/p>\n<p><a href=\"https:\/\/agora.xtec.cat\/ceiplescodinetes\/wp-content\/uploads\/usu1661\/2020\/04\/Ampliaci\u00f3-6\u00e8.pdf\" target=\"_blank\" rel=\"noopener noreferrer\">Ampliaci\u00f3 6\u00e8<\/a><\/p>\n<p>&nbsp;<\/p>\n","protected":false},"excerpt":{"rendered":"<p>Benvolgudes fam\u00edlies, L\u2019equip de l\u2019escola desitja que estigueu tots\/es b\u00e9. Com cada setmana adjunt us trametem les orientacions per a poder seguir el millor possible les rutines escolars i ajudar-vos a casa. Despr\u00e9s de Setmana Santa,\u00a0 el dimarts 14 d\u2019abril comen\u00e7arem el tercer trimestre confinats. En funci\u00f3 de les indicacions del Govern anirem fent. Per [&hellip;]<\/p>\n","protected":false},"author":1,"featured_media":3157,"comment_status":"open","ping_status":"closed","sticky":false,"template":"","format":"standard","meta":{"_bbp_topic_count":0,"_bbp_reply_count":0,"_bbp_total_topic_count":0,"_bbp_total_reply_count":0,"_bbp_voice_count":0,"_bbp_anonymous_reply_count":0,"_bbp_topic_count_hidden":0,"_bbp_reply_count_hidden":0,"_bbp_forum_subforum_count":0,"site-sidebar-layout":"default","site-content-layout":"","ast-site-content-layout":"","site-content-style":"default","site-sidebar-style":"default","ast-global-header-display":"","ast-banner-title-visibility":"","ast-main-header-display":"","ast-hfb-above-header-display":"","ast-hfb-below-header-display":"","ast-hfb-mobile-header-display":"","site-post-title":"","ast-breadcrumbs-content":"","ast-featured-img":"","footer-sml-layout":"","theme-transparent-header-meta":"","adv-header-id-meta":"","stick-header-meta":"","header-above-stick-meta":"","header-main-stick-meta":"","header-below-stick-meta":"","astra-migrate-meta-layouts":"default","ast-page-background-enabled":"default","ast-page-background-meta":{"desktop":{"background-color":"var(--ast-global-color-4)","background-image":"","background-repeat":"repeat","background-position":"center center","background-size":"auto","background-attachment":"scroll","background-type":"","background-media":"","overlay-type":"","overlay-color":"","overlay-opacity":"","overlay-gradient":""},"tablet":{"background-color":"","background-image":"","background-repeat":"repeat","background-position":"center center","background-size":"auto","background-attachment":"scroll","background-type":"","background-media":"","overlay-type":"","overlay-color":"","overlay-opacity":"","overlay-gradient":""},"mobile":{"background-color":"","background-image":"","background-repeat":"repeat","background-position":"center center","background-size":"auto","background-attachment":"scroll","background-type":"","background-media":"","overlay-type":"","overlay-color":"","overlay-opacity":"","overlay-gradient":""}},"ast-content-background-meta":{"desktop":{"background-color":"var(--ast-global-color-5)","background-image":"","background-repeat":"repeat","background-position":"center center","background-size":"auto","background-attachment":"scroll","background-type":"","background-media":"","overlay-type":"","overlay-color":"","overlay-opacity":"","overlay-gradient":""},"tablet":{"background-color":"var(--ast-global-color-5)","background-image":"","background-repeat":"repeat","background-position":"center center","background-size":"auto","background-attachment":"scroll","background-type":"","background-media":"","overlay-type":"","overlay-color":"","overlay-opacity":"","overlay-gradient":""},"mobile":{"background-color":"var(--ast-global-color-5)","background-image":"","background-repeat":"repeat","background-position":"center center","background-size":"auto","background-attachment":"scroll","background-type":"","background-media":"","overlay-type":"","overlay-color":"","overlay-opacity":"","overlay-gradient":""}},"footnotes":""},"categories":[1,2,9,4,5],"tags":[100],"class_list":["post-3156","post","type-post","status-publish","format-standard","has-post-thumbnail","hentry","category-general","category-infantil","category-llar","category-portada","category-primaria","tag-orientacions"],"post_mailing_queue_ids":[],"_links":{"self":[{"href":"https:\/\/agora.xtec.cat\/ceiplescodinetes\/wp-json\/wp\/v2\/posts\/3156","targetHints":{"allow":["GET"]}}],"collection":[{"href":"https:\/\/agora.xtec.cat\/ceiplescodinetes\/wp-json\/wp\/v2\/posts"}],"about":[{"href":"https:\/\/agora.xtec.cat\/ceiplescodinetes\/wp-json\/wp\/v2\/types\/post"}],"author":[{"embeddable":true,"href":"https:\/\/agora.xtec.cat\/ceiplescodinetes\/wp-json\/wp\/v2\/users\/1"}],"replies":[{"embeddable":true,"href":"https:\/\/agora.xtec.cat\/ceiplescodinetes\/wp-json\/wp\/v2\/comments?post=3156"}],"version-history":[{"count":1,"href":"https:\/\/agora.xtec.cat\/ceiplescodinetes\/wp-json\/wp\/v2\/posts\/3156\/revisions"}],"predecessor-version":[{"id":3169,"href":"https:\/\/agora.xtec.cat\/ceiplescodinetes\/wp-json\/wp\/v2\/posts\/3156\/revisions\/3169"}],"wp:featuredmedia":[{"embeddable":true,"href":"https:\/\/agora.xtec.cat\/ceiplescodinetes\/wp-json\/wp\/v2\/media\/3157"}],"wp:attachment":[{"href":"https:\/\/agora.xtec.cat\/ceiplescodinetes\/wp-json\/wp\/v2\/media?parent=3156"}],"wp:term":[{"taxonomy":"category","embeddable":true,"href":"https:\/\/agora.xtec.cat\/ceiplescodinetes\/wp-json\/wp\/v2\/categories?post=3156"},{"taxonomy":"post_tag","embeddable":true,"href":"https:\/\/agora.xtec.cat\/ceiplescodinetes\/wp-json\/wp\/v2\/tags?post=3156"}],"curies":[{"name":"wp","href":"https:\/\/api.w.org\/{rel}","templated":true}]}}