{"id":2999,"date":"2020-03-13T11:30:26","date_gmt":"2020-03-13T10:30:26","guid":{"rendered":"http:\/\/agora.xtec.cat\/ceiplescodinetes\/?p=2999"},"modified":"2020-03-13T11:30:26","modified_gmt":"2020-03-13T10:30:26","slug":"instruccio-amb-les-mesures-organitzatives-i-preventives-en-lambit-de-la-generalitat","status":"publish","type":"post","link":"https:\/\/agora.xtec.cat\/ceiplescodinetes\/general\/instruccio-amb-les-mesures-organitzatives-i-preventives-en-lambit-de-la-generalitat\/","title":{"rendered":"Instrucci\u00f3 amb les mesures organitzatives i preventives en l&#8217;\u00e0mbit de la Generalitat"},"content":{"rendered":"<p>Benvolgudes fam\u00edlies,<\/p>\n<p>Atesa la situaci\u00f3 excepcional la direcci\u00f3 d\u2019aquest centre seguir\u00e0 operativa. Per a possibles consultes o aclariments haureu de trucar al tel\u00e8fon de l\u2019escola <span style=\"color: #0000ff;\">667166273<\/span> o escriure un correu a l\u2019adre\u00e7a <a href=\"mailto:e3005467@xtec.cat\">e3005467@xtec.cat, <span style=\"color: #000000;\">en horari lectiu.<\/span><\/a><\/p>\n<p>Seguint les instruccions del Departament de Salut i del Departament d\u2019Educaci\u00f3, les jornades de portes obertes i qualsevol activitat lectiva queden posposades.<\/p>\n<p>Cal que em feu arribar si algun membre pertanyent a la comunitat educativa est\u00e0 en malaltia pel coronavirus SARS-COV-2 o confinat\/da.<\/p>\n<p>A mesura que tinguem m\u00e9s informaci\u00f3 oficial us anirem informant mitjan\u00e7ant el nostre portal web.<\/p>\n<p>Adjunto les instruccions sobre les mesures de prevenci\u00f3 publicades pel Serveis Educatius de Catalunya i per l\u2019Administraci\u00f3 i Funci\u00f3 P\u00fablica.<\/p>\n<p><a href=\"https:\/\/agora.xtec.cat\/ceiplescodinetes\/wp-content\/uploads\/usu1661\/2020\/03\/lnstrucci\u00f3-1-2020-COVID-19_SIGNAT.pdf\">lnstrucci\u00f3 1-2020 COVID-19_SIGNAT<\/a><\/p>\n<p><a href=\"https:\/\/agora.xtec.cat\/ceiplescodinetes\/wp-content\/uploads\/usu1661\/2020\/03\/Instrucci\u00f3-2-2020-COVID.pdf\">Instrucci\u00f3 2-2020 COVID<\/a><\/p>\n<p>Atentament,<\/p>\n<p>El director<\/p>\n","protected":false},"excerpt":{"rendered":"<p>Benvolgudes fam\u00edlies, Atesa la situaci\u00f3 excepcional la direcci\u00f3 d\u2019aquest centre seguir\u00e0 operativa. Per a possibles consultes o aclariments haureu de trucar al tel\u00e8fon de l\u2019escola 667166273 o escriure un correu a l\u2019adre\u00e7a e3005467@xtec.cat, en horari lectiu. Seguint les instruccions del Departament de Salut i del Departament d\u2019Educaci\u00f3, les jornades de portes obertes i qualsevol activitat [&hellip;]<\/p>\n","protected":false},"author":1,"featured_media":3002,"comment_status":"open","ping_status":"closed","sticky":false,"template":"","format":"standard","meta":{"_bbp_topic_count":0,"_bbp_reply_count":0,"_bbp_total_topic_count":0,"_bbp_total_reply_count":0,"_bbp_voice_count":0,"_bbp_anonymous_reply_count":0,"_bbp_topic_count_hidden":0,"_bbp_reply_count_hidden":0,"_bbp_forum_subforum_count":0,"site-sidebar-layout":"default","site-content-layout":"","ast-site-content-layout":"","site-content-style":"default","site-sidebar-style":"default","ast-global-header-display":"","ast-banner-title-visibility":"","ast-main-header-display":"","ast-hfb-above-header-display":"","ast-hfb-below-header-display":"","ast-hfb-mobile-header-display":"","site-post-title":"","ast-breadcrumbs-content":"","ast-featured-img":"","footer-sml-layout":"","theme-transparent-header-meta":"","adv-header-id-meta":"","stick-header-meta":"","header-above-stick-meta":"","header-main-stick-meta":"","header-below-stick-meta":"","astra-migrate-meta-layouts":"default","ast-page-background-enabled":"default","ast-page-background-meta":{"desktop":{"background-color":"var(--ast-global-color-4)","background-image":"","background-repeat":"repeat","background-position":"center center","background-size":"auto","background-attachment":"scroll","background-type":"","background-media":"","overlay-type":"","overlay-color":"","overlay-opacity":"","overlay-gradient":""},"tablet":{"background-color":"","background-image":"","background-repeat":"repeat","background-position":"center center","background-size":"auto","background-attachment":"scroll","background-type":"","background-media":"","overlay-type":"","overlay-color":"","overlay-opacity":"","overlay-gradient":""},"mobile":{"background-color":"","background-image":"","background-repeat":"repeat","background-position":"center center","background-size":"auto","background-attachment":"scroll","background-type":"","background-media":"","overlay-type":"","overlay-color":"","overlay-opacity":"","overlay-gradient":""}},"ast-content-background-meta":{"desktop":{"background-color":"var(--ast-global-color-5)","background-image":"","background-repeat":"repeat","background-position":"center center","background-size":"auto","background-attachment":"scroll","background-type":"","background-media":"","overlay-type":"","overlay-color":"","overlay-opacity":"","overlay-gradient":""},"tablet":{"background-color":"var(--ast-global-color-5)","background-image":"","background-repeat":"repeat","background-position":"center center","background-size":"auto","background-attachment":"scroll","background-type":"","background-media":"","overlay-type":"","overlay-color":"","overlay-opacity":"","overlay-gradient":""},"mobile":{"background-color":"var(--ast-global-color-5)","background-image":"","background-repeat":"repeat","background-position":"center center","background-size":"auto","background-attachment":"scroll","background-type":"","background-media":"","overlay-type":"","overlay-color":"","overlay-opacity":"","overlay-gradient":""}},"footnotes":""},"categories":[1,2,9,4,5],"tags":[93],"class_list":["post-2999","post","type-post","status-publish","format-standard","has-post-thumbnail","hentry","category-general","category-infantil","category-llar","category-portada","category-primaria","tag-coronavirus"],"post_mailing_queue_ids":[],"_links":{"self":[{"href":"https:\/\/agora.xtec.cat\/ceiplescodinetes\/wp-json\/wp\/v2\/posts\/2999","targetHints":{"allow":["GET"]}}],"collection":[{"href":"https:\/\/agora.xtec.cat\/ceiplescodinetes\/wp-json\/wp\/v2\/posts"}],"about":[{"href":"https:\/\/agora.xtec.cat\/ceiplescodinetes\/wp-json\/wp\/v2\/types\/post"}],"author":[{"embeddable":true,"href":"https:\/\/agora.xtec.cat\/ceiplescodinetes\/wp-json\/wp\/v2\/users\/1"}],"replies":[{"embeddable":true,"href":"https:\/\/agora.xtec.cat\/ceiplescodinetes\/wp-json\/wp\/v2\/comments?post=2999"}],"version-history":[{"count":1,"href":"https:\/\/agora.xtec.cat\/ceiplescodinetes\/wp-json\/wp\/v2\/posts\/2999\/revisions"}],"predecessor-version":[{"id":3003,"href":"https:\/\/agora.xtec.cat\/ceiplescodinetes\/wp-json\/wp\/v2\/posts\/2999\/revisions\/3003"}],"wp:featuredmedia":[{"embeddable":true,"href":"https:\/\/agora.xtec.cat\/ceiplescodinetes\/wp-json\/wp\/v2\/media\/3002"}],"wp:attachment":[{"href":"https:\/\/agora.xtec.cat\/ceiplescodinetes\/wp-json\/wp\/v2\/media?parent=2999"}],"wp:term":[{"taxonomy":"category","embeddable":true,"href":"https:\/\/agora.xtec.cat\/ceiplescodinetes\/wp-json\/wp\/v2\/categories?post=2999"},{"taxonomy":"post_tag","embeddable":true,"href":"https:\/\/agora.xtec.cat\/ceiplescodinetes\/wp-json\/wp\/v2\/tags?post=2999"}],"curies":[{"name":"wp","href":"https:\/\/api.w.org\/{rel}","templated":true}]}}