{"id":15006,"date":"2026-04-24T09:40:02","date_gmt":"2026-04-24T07:40:02","guid":{"rendered":"https:\/\/agora.xtec.cat\/ceiplatorreta\/?p=15006"},"modified":"2026-04-24T09:40:02","modified_gmt":"2026-04-24T07:40:02","slug":"aniversaris-abril-i5","status":"publish","type":"post","link":"https:\/\/agora.xtec.cat\/ceiplatorreta\/general\/aniversaris-abril-i5\/","title":{"rendered":"Aniversaris Abril I5"},"content":{"rendered":"<p>A la classe de Pol\u00f2nia no ens aturem! Pas a pas, anem completant la col\u00b7lecci\u00f3 de nens i nenes que ja tenen 6 anys.<\/p>\n<p data-path-to-node=\"6\">Aquest mes d&#8217;abril, el protagonisme ha estat per a quatre companyes que han celebrat el seu dia especial: la Claudia, la Rita, la Maria i la Valeria. Per molts anys, noies!<\/p>\n<p data-path-to-node=\"6\">Podeu veure les fotos a la carpeta \u201cFOTOS I V\u00cdDEOS ESCOLA LA TORRETA\u201d compartida a trav\u00e9s del correu electr\u00f2nic, PROMOCI\u00d3 2020 &#8211; Aniversaris.<\/p>\n<p data-path-to-node=\"6\"><img loading=\"lazy\" decoding=\"async\" class=\"aligncenter\" src=\"https:\/\/agora.xtec.cat\/escolajoanperucho\/wp-content\/uploads\/usu2010\/2026\/01\/6th-anniversary-cupcake.png\" alt=\"A Infantil 5 anys celebrem el 6\u00e8 aniversari de l'A. K. \u2013 Escola Joan Perucho\" width=\"336\" height=\"396\" \/><\/p>\n","protected":false},"excerpt":{"rendered":"<p>A la classe de Pol\u00f2nia no ens aturem! Pas a pas, anem completant la col\u00b7lecci\u00f3 de nens i nenes que ja tenen 6 anys.<br \/>\nAquest mes d&#8217;abril, el protagonisme ha estat per a quatre companyes que han celebrat el seu dia especial: la Claudia, la Rita,&hellip;  <a href=\"https:\/\/agora.xtec.cat\/ceiplatorreta\/general\/aniversaris-abril-i5\/\" title=\"Read Aniversaris Abril I5\">Llegeix m\u00e9s\u00bb<\/a><\/p>\n","protected":false},"author":66,"featured_media":15007,"comment_status":"open","ping_status":"open","sticky":false,"template":"","format":"standard","meta":{"_bbp_topic_count":0,"_bbp_reply_count":0,"_bbp_total_topic_count":0,"_bbp_total_reply_count":0,"_bbp_voice_count":0,"_bbp_anonymous_reply_count":0,"_bbp_topic_count_hidden":0,"_bbp_reply_count_hidden":0,"_bbp_forum_subforum_count":0,"footnotes":""},"categories":[1,188,2],"tags":[],"class_list":["post-15006","post","type-post","status-publish","format-standard","has-post-thumbnail","hentry","category-general","category-i5","category-infantil"],"post_mailing_queue_ids":[],"_links":{"self":[{"href":"https:\/\/agora.xtec.cat\/ceiplatorreta\/wp-json\/wp\/v2\/posts\/15006","targetHints":{"allow":["GET"]}}],"collection":[{"href":"https:\/\/agora.xtec.cat\/ceiplatorreta\/wp-json\/wp\/v2\/posts"}],"about":[{"href":"https:\/\/agora.xtec.cat\/ceiplatorreta\/wp-json\/wp\/v2\/types\/post"}],"author":[{"embeddable":true,"href":"https:\/\/agora.xtec.cat\/ceiplatorreta\/wp-json\/wp\/v2\/users\/66"}],"replies":[{"embeddable":true,"href":"https:\/\/agora.xtec.cat\/ceiplatorreta\/wp-json\/wp\/v2\/comments?post=15006"}],"version-history":[{"count":1,"href":"https:\/\/agora.xtec.cat\/ceiplatorreta\/wp-json\/wp\/v2\/posts\/15006\/revisions"}],"predecessor-version":[{"id":15008,"href":"https:\/\/agora.xtec.cat\/ceiplatorreta\/wp-json\/wp\/v2\/posts\/15006\/revisions\/15008"}],"wp:featuredmedia":[{"embeddable":true,"href":"https:\/\/agora.xtec.cat\/ceiplatorreta\/wp-json\/wp\/v2\/media\/15007"}],"wp:attachment":[{"href":"https:\/\/agora.xtec.cat\/ceiplatorreta\/wp-json\/wp\/v2\/media?parent=15006"}],"wp:term":[{"taxonomy":"category","embeddable":true,"href":"https:\/\/agora.xtec.cat\/ceiplatorreta\/wp-json\/wp\/v2\/categories?post=15006"},{"taxonomy":"post_tag","embeddable":true,"href":"https:\/\/agora.xtec.cat\/ceiplatorreta\/wp-json\/wp\/v2\/tags?post=15006"}],"curies":[{"name":"wp","href":"https:\/\/api.w.org\/{rel}","templated":true}]}}