{"id":15000,"date":"2026-04-23T16:38:08","date_gmt":"2026-04-23T14:38:08","guid":{"rendered":"https:\/\/agora.xtec.cat\/ceiplatorreta\/?p=15000"},"modified":"2026-04-23T16:38:08","modified_gmt":"2026-04-23T14:38:08","slug":"celebrem-sant-jordi-i-els-jocs-florals-a-lescola","status":"publish","type":"post","link":"https:\/\/agora.xtec.cat\/ceiplatorreta\/general\/celebrem-sant-jordi-i-els-jocs-florals-a-lescola\/","title":{"rendered":"Celebrem Sant Jordi i els Jocs Florals a l&#8217;escola"},"content":{"rendered":"<p>Avui, dia 23 d\u2019abril, durant el mat\u00ed l\u2019alumnat d\u2019educaci\u00f3 infantil, cicle inicial i cicle superior hem celebrat la diada de Sant Jordi a l\u2019escola.<\/p>\n<p>Al llarg del mat\u00ed hem realitzat diferents activitats. Per un costat, tots els grups hem pogut gaudir de la representaci\u00f3 de la llegenda explicada per una contacontes al gimn\u00e0s i que ens ha proporcionat l&#8217;AFA de l&#8217;escola i li volem agrair. Per altra banda, la matinal ha continuat amb m\u00e9s activitats: debats, manualitats i altres activitats lectores.<\/p>\n<p>A la tarda, hem celebrat els Jocs Florals al Centre Cultural de La Torreta anunciant finalistes i guanyadors. L&#8217;acte ha estat presentat per l&#8217;alumnat de 3r.<\/p>\n<p>Si voleu veure fotos de tota la diada, aneu a la carpeta ESCOLA compartida amb vosaltres a inicis de curs.<\/p>\n","protected":false},"excerpt":{"rendered":"<p>Avui, dia 23 d\u2019abril, durant el mat\u00ed l\u2019alumnat d\u2019educaci\u00f3 infantil, cicle inicial i cicle superior hem celebrat la diada de Sant Jordi a l\u2019escola.<br \/>\nAl llarg del mat\u00ed hem realitzat diferents activitats. Per un costat, tots els grups hem pogut gaudir de la representaci\u00f3 de la&hellip;  <a href=\"https:\/\/agora.xtec.cat\/ceiplatorreta\/general\/celebrem-sant-jordi-i-els-jocs-florals-a-lescola\/\" title=\"Read Celebrem Sant Jordi i els Jocs Florals a l&#8217;escola\">Llegeix m\u00e9s\u00bb<\/a><\/p>\n","protected":false},"author":71,"featured_media":0,"comment_status":"open","ping_status":"open","sticky":false,"template":"","format":"standard","meta":{"_bbp_topic_count":0,"_bbp_reply_count":0,"_bbp_total_topic_count":0,"_bbp_total_reply_count":0,"_bbp_voice_count":0,"_bbp_anonymous_reply_count":0,"_bbp_topic_count_hidden":0,"_bbp_reply_count_hidden":0,"_bbp_forum_subforum_count":0,"footnotes":""},"categories":[1,2,5],"tags":[],"class_list":["post-15000","post","type-post","status-publish","format-standard","hentry","category-general","category-infantil","category-primaria"],"post_mailing_queue_ids":[],"_links":{"self":[{"href":"https:\/\/agora.xtec.cat\/ceiplatorreta\/wp-json\/wp\/v2\/posts\/15000","targetHints":{"allow":["GET"]}}],"collection":[{"href":"https:\/\/agora.xtec.cat\/ceiplatorreta\/wp-json\/wp\/v2\/posts"}],"about":[{"href":"https:\/\/agora.xtec.cat\/ceiplatorreta\/wp-json\/wp\/v2\/types\/post"}],"author":[{"embeddable":true,"href":"https:\/\/agora.xtec.cat\/ceiplatorreta\/wp-json\/wp\/v2\/users\/71"}],"replies":[{"embeddable":true,"href":"https:\/\/agora.xtec.cat\/ceiplatorreta\/wp-json\/wp\/v2\/comments?post=15000"}],"version-history":[{"count":1,"href":"https:\/\/agora.xtec.cat\/ceiplatorreta\/wp-json\/wp\/v2\/posts\/15000\/revisions"}],"predecessor-version":[{"id":15001,"href":"https:\/\/agora.xtec.cat\/ceiplatorreta\/wp-json\/wp\/v2\/posts\/15000\/revisions\/15001"}],"wp:attachment":[{"href":"https:\/\/agora.xtec.cat\/ceiplatorreta\/wp-json\/wp\/v2\/media?parent=15000"}],"wp:term":[{"taxonomy":"category","embeddable":true,"href":"https:\/\/agora.xtec.cat\/ceiplatorreta\/wp-json\/wp\/v2\/categories?post=15000"},{"taxonomy":"post_tag","embeddable":true,"href":"https:\/\/agora.xtec.cat\/ceiplatorreta\/wp-json\/wp\/v2\/tags?post=15000"}],"curies":[{"name":"wp","href":"https:\/\/api.w.org\/{rel}","templated":true}]}}