{"id":14813,"date":"2026-03-18T18:15:03","date_gmt":"2026-03-18T17:15:03","guid":{"rendered":"https:\/\/agora.xtec.cat\/ceiplatorreta\/?p=14813"},"modified":"2026-03-18T18:15:03","modified_gmt":"2026-03-18T17:15:03","slug":"i4-entre-dites-i-poemes-diem-adeu-a-lhivern","status":"publish","type":"post","link":"https:\/\/agora.xtec.cat\/ceiplatorreta\/general\/i4-entre-dites-i-poemes-diem-adeu-a-lhivern\/","title":{"rendered":"I4 Entre dites i poemes\u2026 diem ad\u00e9u a l\u2019hivern!"},"content":{"rendered":"<p>&nbsp;<\/p>\n<p><a href=\"https:\/\/agora.xtec.cat\/ceiplatorreta\/wp-content\/uploads\/usu967\/2026\/03\/hivern.gif\"><img loading=\"lazy\" decoding=\"async\" class=\"wp-image-14815 alignright\" src=\"https:\/\/agora.xtec.cat\/ceiplatorreta\/wp-content\/uploads\/usu967\/2026\/03\/hivern.gif\" alt=\"\" width=\"306\" height=\"161\" data-wp-editing=\"1\" \/><\/a>Ara que <strong data-start=\"77\" data-end=\"100\">l\u2019hivern ja s\u2019acaba<\/strong>, els infants d\u2019I4 han anat a fer una petita <strong data-start=\"145\" data-end=\"171\">gravaci\u00f3 molt especial<\/strong>. Hem enregistrat la <strong data-start=\"192\" data-end=\"218\">dita del mes de febrer<\/strong> i tamb\u00e9 el <strong data-start=\"230\" data-end=\"251\">poema de l\u2019hivern<\/strong>, que hem estat treballant a l\u2019aula durant aquestes setmanes. Els nens i nenes s\u2019ho han passat molt b\u00e9 preparant-ho i recitant-ho amb molta il\u00b7lusi\u00f3. Us convidem a veure els v\u00eddeos i gaudir d\u2019aquest moment tan bonic que recull tot el que hem apr\u00e8s durant aquesta estaci\u00f3.<\/p>\n<p>Recordeu que per veure els\u00a0 v\u00eddeos, podeu accedir a la carpeta &#8220;FOTOS I V\u00cdDEOS ESCOLA LA TORRETA&#8221; compartida a trav\u00e9s del correu electr\u00f2nic, PROMOCI\u00d3 2021- CARPETA DITES I POEMES- 2n TRIMESTRE.<\/p>\n","protected":false},"excerpt":{"rendered":"<p>&nbsp; Ara que l\u2019hivern ja s\u2019acaba, els infants d\u2019I4 han anat a fer una petita gravaci\u00f3 molt especial. Hem enregistrat la dita del mes de febrer i tamb\u00e9 el poema de l\u2019hivern, que hem estat treballant a l\u2019aula durant aquestes setmanes. Els nens i nenes s\u2019ho han passat molt b\u00e9 preparant-ho i recitant-ho amb molta [&hellip;]<\/p>\n","protected":false},"author":85,"featured_media":14815,"comment_status":"open","ping_status":"open","sticky":false,"template":"","format":"standard","meta":{"_bbp_topic_count":0,"_bbp_reply_count":0,"_bbp_total_topic_count":0,"_bbp_total_reply_count":0,"_bbp_voice_count":0,"_bbp_anonymous_reply_count":0,"_bbp_topic_count_hidden":0,"_bbp_reply_count_hidden":0,"_bbp_forum_subforum_count":0,"site-sidebar-layout":"default","site-content-layout":"","ast-site-content-layout":"","site-content-style":"default","site-sidebar-style":"default","ast-global-header-display":"","ast-banner-title-visibility":"","ast-main-header-display":"","ast-hfb-above-header-display":"","ast-hfb-below-header-display":"","ast-hfb-mobile-header-display":"","site-post-title":"","ast-breadcrumbs-content":"","ast-featured-img":"","footer-sml-layout":"","theme-transparent-header-meta":"","adv-header-id-meta":"","stick-header-meta":"","header-above-stick-meta":"","header-main-stick-meta":"","header-below-stick-meta":"","astra-migrate-meta-layouts":"default","ast-page-background-enabled":"default","ast-page-background-meta":{"desktop":{"background-color":"var(--ast-global-color-4)","background-image":"","background-repeat":"repeat","background-position":"center center","background-size":"auto","background-attachment":"scroll","background-type":"","background-media":"","overlay-type":"","overlay-color":"","overlay-opacity":"","overlay-gradient":""},"tablet":{"background-color":"","background-image":"","background-repeat":"repeat","background-position":"center center","background-size":"auto","background-attachment":"scroll","background-type":"","background-media":"","overlay-type":"","overlay-color":"","overlay-opacity":"","overlay-gradient":""},"mobile":{"background-color":"","background-image":"","background-repeat":"repeat","background-position":"center center","background-size":"auto","background-attachment":"scroll","background-type":"","background-media":"","overlay-type":"","overlay-color":"","overlay-opacity":"","overlay-gradient":""}},"ast-content-background-meta":{"desktop":{"background-color":"var(--ast-global-color-5)","background-image":"","background-repeat":"repeat","background-position":"center center","background-size":"auto","background-attachment":"scroll","background-type":"","background-media":"","overlay-type":"","overlay-color":"","overlay-opacity":"","overlay-gradient":""},"tablet":{"background-color":"var(--ast-global-color-5)","background-image":"","background-repeat":"repeat","background-position":"center center","background-size":"auto","background-attachment":"scroll","background-type":"","background-media":"","overlay-type":"","overlay-color":"","overlay-opacity":"","overlay-gradient":""},"mobile":{"background-color":"var(--ast-global-color-5)","background-image":"","background-repeat":"repeat","background-position":"center center","background-size":"auto","background-attachment":"scroll","background-type":"","background-media":"","overlay-type":"","overlay-color":"","overlay-opacity":"","overlay-gradient":""}},"footnotes":""},"categories":[1,187,2],"tags":[],"class_list":["post-14813","post","type-post","status-publish","format-standard","has-post-thumbnail","hentry","category-general","category-i4","category-infantil"],"post_mailing_queue_ids":[],"_links":{"self":[{"href":"https:\/\/agora.xtec.cat\/ceiplatorreta\/wp-json\/wp\/v2\/posts\/14813","targetHints":{"allow":["GET"]}}],"collection":[{"href":"https:\/\/agora.xtec.cat\/ceiplatorreta\/wp-json\/wp\/v2\/posts"}],"about":[{"href":"https:\/\/agora.xtec.cat\/ceiplatorreta\/wp-json\/wp\/v2\/types\/post"}],"author":[{"embeddable":true,"href":"https:\/\/agora.xtec.cat\/ceiplatorreta\/wp-json\/wp\/v2\/users\/85"}],"replies":[{"embeddable":true,"href":"https:\/\/agora.xtec.cat\/ceiplatorreta\/wp-json\/wp\/v2\/comments?post=14813"}],"version-history":[{"count":3,"href":"https:\/\/agora.xtec.cat\/ceiplatorreta\/wp-json\/wp\/v2\/posts\/14813\/revisions"}],"predecessor-version":[{"id":14868,"href":"https:\/\/agora.xtec.cat\/ceiplatorreta\/wp-json\/wp\/v2\/posts\/14813\/revisions\/14868"}],"wp:featuredmedia":[{"embeddable":true,"href":"https:\/\/agora.xtec.cat\/ceiplatorreta\/wp-json\/wp\/v2\/media\/14815"}],"wp:attachment":[{"href":"https:\/\/agora.xtec.cat\/ceiplatorreta\/wp-json\/wp\/v2\/media?parent=14813"}],"wp:term":[{"taxonomy":"category","embeddable":true,"href":"https:\/\/agora.xtec.cat\/ceiplatorreta\/wp-json\/wp\/v2\/categories?post=14813"},{"taxonomy":"post_tag","embeddable":true,"href":"https:\/\/agora.xtec.cat\/ceiplatorreta\/wp-json\/wp\/v2\/tags?post=14813"}],"curies":[{"name":"wp","href":"https:\/\/api.w.org\/{rel}","templated":true}]}}