{"id":3730,"date":"2022-11-16T18:31:12","date_gmt":"2022-11-16T17:31:12","guid":{"rendered":"https:\/\/agora.xtec.cat\/ceiplasinia\/?p=3730"},"modified":"2023-02-08T16:15:06","modified_gmt":"2023-02-08T15:15:06","slug":"comencem-a-viatjar","status":"publish","type":"post","link":"https:\/\/agora.xtec.cat\/ceiplasinia\/primaria\/comencem-a-viatjar\/","title":{"rendered":"Comencem a viatjar!!"},"content":{"rendered":"<p>Com ja sabeu, el projecte interdisciplinar d&#8217;aquest curs \u00e9s &#8220;La S\u00ednia Tours&#8221;, un viatge per a diferents pa\u00efsos i cultures.<\/p>\n<p>Amb el passaport a punt, agafem \u2708 per comen\u00e7ar el nostre viatge . Primera parada&#8230; Romania \ud83d\ude00<\/p>\n<p>Veurem on est\u00e0 situat, farem un tastet de l&#8217;idioma, la bandera, la roba tradicional, dels jocs cl\u00e0ssics, els contes populars, la cuina, etc.<\/p>\n<figure class=\"figure wp-caption alignright\"><a href=\"https:\/\/photos.app.goo.gl\/Hd5DTxTpkSg9VnUa9\" target=\"_blank\" rel=\"noopener\"><img loading=\"lazy\" decoding=\"async\" class=\"size-full wp-image-433\" src=\"https:\/\/agora.xtec.cat\/ceiplasinia\/wp-content\/uploads\/usu1221\/2016\/10\/camara-1.jpg\" alt=\"\" width=\"259\" height=\"194\" srcset=\"https:\/\/agora.xtec.cat\/ceiplasinia\/wp-content\/uploads\/usu1221\/2016\/10\/camara-1.jpg 259w, https:\/\/agora.xtec.cat\/ceiplasinia\/wp-content\/uploads\/usu1221\/2016\/10\/camara-1-200x150.jpg 200w\" sizes=\"auto, (max-width: 259px) 100vw, 259px\" \/><\/a><figcaption class=\"wp-caption-text\">Cliqueu per mirar les fotos.<\/figcaption><\/figure>\n","protected":false},"excerpt":{"rendered":"<p>Com ja sabeu, el projecte interdisciplinar d&#8217;aquest curs \u00e9s &#8220;La S\u00ednia Tours&#8221;, un viatge per a diferents pa\u00efsos i cultures.<br \/>\nAmb el passaport a punt, agafem \u2708 per comen\u00e7ar el nostre viatge . Primera parada&#8230; Romania \ud83d\ude00<br \/>\nVeurem on est\u00e0 situat, farem un tastet de l&#8217;idioma, la&hellip;  <a href=\"https:\/\/agora.xtec.cat\/ceiplasinia\/primaria\/comencem-a-viatjar\/\" title=\"Read Comencem a viatjar!!\">Llegeix m\u00e9s\u00bb<\/a><\/p>\n","protected":false},"author":4,"featured_media":0,"comment_status":"open","ping_status":"closed","sticky":false,"template":"","format":"standard","meta":{"_bbp_topic_count":0,"_bbp_reply_count":0,"_bbp_total_topic_count":0,"_bbp_total_reply_count":0,"_bbp_voice_count":0,"_bbp_anonymous_reply_count":0,"_bbp_topic_count_hidden":0,"_bbp_reply_count_hidden":0,"_bbp_forum_subforum_count":0,"footnotes":""},"categories":[11,5],"tags":[686,192,687,688],"class_list":["post-3730","post","type-post","status-publish","format-standard","hentry","category-2n","category-primaria","tag-paisos","tag-projecte-interdisciplinar","tag-romania","tag-viatjar"],"post_mailing_queue_ids":[],"_links":{"self":[{"href":"https:\/\/agora.xtec.cat\/ceiplasinia\/wp-json\/wp\/v2\/posts\/3730","targetHints":{"allow":["GET"]}}],"collection":[{"href":"https:\/\/agora.xtec.cat\/ceiplasinia\/wp-json\/wp\/v2\/posts"}],"about":[{"href":"https:\/\/agora.xtec.cat\/ceiplasinia\/wp-json\/wp\/v2\/types\/post"}],"author":[{"embeddable":true,"href":"https:\/\/agora.xtec.cat\/ceiplasinia\/wp-json\/wp\/v2\/users\/4"}],"replies":[{"embeddable":true,"href":"https:\/\/agora.xtec.cat\/ceiplasinia\/wp-json\/wp\/v2\/comments?post=3730"}],"version-history":[{"count":3,"href":"https:\/\/agora.xtec.cat\/ceiplasinia\/wp-json\/wp\/v2\/posts\/3730\/revisions"}],"predecessor-version":[{"id":3733,"href":"https:\/\/agora.xtec.cat\/ceiplasinia\/wp-json\/wp\/v2\/posts\/3730\/revisions\/3733"}],"wp:attachment":[{"href":"https:\/\/agora.xtec.cat\/ceiplasinia\/wp-json\/wp\/v2\/media?parent=3730"}],"wp:term":[{"taxonomy":"category","embeddable":true,"href":"https:\/\/agora.xtec.cat\/ceiplasinia\/wp-json\/wp\/v2\/categories?post=3730"},{"taxonomy":"post_tag","embeddable":true,"href":"https:\/\/agora.xtec.cat\/ceiplasinia\/wp-json\/wp\/v2\/tags?post=3730"}],"curies":[{"name":"wp","href":"https:\/\/api.w.org\/{rel}","templated":true}]}}