{"id":3518,"date":"2022-03-02T12:13:01","date_gmt":"2022-03-02T11:13:01","guid":{"rendered":"https:\/\/agora.xtec.cat\/ceiplasinia\/?p=3518"},"modified":"2022-03-02T12:13:01","modified_gmt":"2022-03-02T11:13:01","slug":"vine-a-coneixer-el-nostre-projecte-educatiu","status":"publish","type":"post","link":"https:\/\/agora.xtec.cat\/ceiplasinia\/general\/vine-a-coneixer-el-nostre-projecte-educatiu\/","title":{"rendered":"VINE A CON\u00c8IXER EL NOSTRE PROJECTE EDUCATIU!"},"content":{"rendered":"<p>Us compartim<strong> informaci\u00f3 d&#8217;inter\u00e8s sobre el nostre projecte educatiu<\/strong>. Tamb\u00e9 us recordem que el proper <strong>dimecres 2 de mar\u00e7 a les 17.00 i el proper dissabte 5 de mar\u00e7 a les 10.00 i a les 10.30h realitzarem la jornada de Portes Obertes a la nostra escola.\u00a0<\/strong><\/p>\n<p>Per tal d\u2019assistir-hi\u00a0<strong>\u00e9s necessari emplenar el formulari que trobareu a l\u2019enlla\u00e7 seg\u00fcen<\/strong>t\u00a0<a href=\"https:\/\/forms.gle\/1dMBVfGVpQJfgrZ4A\" target=\"_blank\" rel=\"noopener\">https:\/\/forms.gle\/1dMBVfGVpQJfgrZ4A<\/a> i escollir el dia i hora que us vagi b\u00e9.<\/p>\n<p>Us esperem!!!<\/p>\n<p><a href=\"https:\/\/agora.xtec.cat\/ceiplasinia\/wp-content\/uploads\/usu1221\/2022\/03\/JORNADA-DE-PORTES-OBERTES-Documento-A4-Folleto-2.pdf\" target=\"_blank\" rel=\"noopener\">JORNADA DE PORTES OBERTES (Document PDF)<\/a><\/p>\n<p>&nbsp;<\/p>\n<p>&nbsp;<\/p>\n","protected":false},"excerpt":{"rendered":"<p>Us compartim informaci\u00f3 d&#8217;inter\u00e8s sobre el nostre projecte educatiu. Tamb\u00e9 us recordem que el proper dimecres 2 de mar\u00e7 a les 17.00 i el proper dissabte 5 de mar\u00e7 a les 10.00 i a les 10.30h realitzarem la jornada de Portes Obertes a la nostra&hellip;  <a href=\"https:\/\/agora.xtec.cat\/ceiplasinia\/general\/vine-a-coneixer-el-nostre-projecte-educatiu\/\" title=\"Read VINE A CON\u00c8IXER EL NOSTRE PROJECTE EDUCATIU!\">Llegeix m\u00e9s\u00bb<\/a><\/p>\n","protected":false},"author":1,"featured_media":0,"comment_status":"open","ping_status":"closed","sticky":false,"template":"","format":"standard","meta":{"_bbp_topic_count":0,"_bbp_reply_count":0,"_bbp_total_topic_count":0,"_bbp_total_reply_count":0,"_bbp_voice_count":0,"_bbp_anonymous_reply_count":0,"_bbp_topic_count_hidden":0,"_bbp_reply_count_hidden":0,"_bbp_forum_subforum_count":0,"footnotes":""},"categories":[10,11,12,13,14,15,1,3,8,9,2,4,5],"tags":[557,68,589,366],"class_list":["post-3518","post","type-post","status-publish","format-standard","hentry","category-1r","category-2n","category-3r","category-4t","category-5e","category-6e","category-general","category-i3","category-i4","category-i5","category-infantil","category-portada","category-primaria","tag-escola","tag-infantil","tag-jornada-portes-obertes","tag-primaria"],"post_mailing_queue_ids":[],"_links":{"self":[{"href":"https:\/\/agora.xtec.cat\/ceiplasinia\/wp-json\/wp\/v2\/posts\/3518","targetHints":{"allow":["GET"]}}],"collection":[{"href":"https:\/\/agora.xtec.cat\/ceiplasinia\/wp-json\/wp\/v2\/posts"}],"about":[{"href":"https:\/\/agora.xtec.cat\/ceiplasinia\/wp-json\/wp\/v2\/types\/post"}],"author":[{"embeddable":true,"href":"https:\/\/agora.xtec.cat\/ceiplasinia\/wp-json\/wp\/v2\/users\/1"}],"replies":[{"embeddable":true,"href":"https:\/\/agora.xtec.cat\/ceiplasinia\/wp-json\/wp\/v2\/comments?post=3518"}],"version-history":[{"count":1,"href":"https:\/\/agora.xtec.cat\/ceiplasinia\/wp-json\/wp\/v2\/posts\/3518\/revisions"}],"predecessor-version":[{"id":3520,"href":"https:\/\/agora.xtec.cat\/ceiplasinia\/wp-json\/wp\/v2\/posts\/3518\/revisions\/3520"}],"wp:attachment":[{"href":"https:\/\/agora.xtec.cat\/ceiplasinia\/wp-json\/wp\/v2\/media?parent=3518"}],"wp:term":[{"taxonomy":"category","embeddable":true,"href":"https:\/\/agora.xtec.cat\/ceiplasinia\/wp-json\/wp\/v2\/categories?post=3518"},{"taxonomy":"post_tag","embeddable":true,"href":"https:\/\/agora.xtec.cat\/ceiplasinia\/wp-json\/wp\/v2\/tags?post=3518"}],"curies":[{"name":"wp","href":"https:\/\/api.w.org\/{rel}","templated":true}]}}